{"id":14303,"date":"2025-07-09T16:01:37","date_gmt":"2025-07-09T14:01:37","guid":{"rendered":"https:\/\/www.italiaonline.it\/risorse\/?p=14303"},"modified":"2025-07-09T16:03:44","modified_gmt":"2025-07-09T14:03:44","slug":"contributi-internazionalizzazione-2025-pistoia-prato","status":"publish","type":"post","link":"https:\/\/www.italiaonline.it\/risorse\/contributi-internazionalizzazione-2025-pistoia-prato","title":{"rendered":"Contributi Internazionalizzazione 2025 Pistoia-Prato"},"content":{"rendered":"[vc_row type=&#8221;in_container&#8221; full_screen_row_position=&#8221;middle&#8221; column_margin=&#8221;default&#8221; column_direction=&#8221;default&#8221; column_direction_tablet=&#8221;default&#8221; column_direction_phone=&#8221;default&#8221; scene_position=&#8221;center&#8221; text_color=&#8221;dark&#8221; text_align=&#8221;left&#8221; row_border_radius=&#8221;none&#8221; row_border_radius_applies=&#8221;bg&#8221; overflow=&#8221;visible&#8221; overlay_strength=&#8221;0.3&#8243; gradient_direction=&#8221;left_to_right&#8221; shape_divider_position=&#8221;bottom&#8221; bg_image_animation=&#8221;none&#8221;][vc_column column_padding=&#8221;no-extra-padding&#8221; column_padding_tablet=&#8221;inherit&#8221; column_padding_phone=&#8221;inherit&#8221; column_padding_position=&#8221;all&#8221; column_element_direction_desktop=&#8221;default&#8221; column_element_spacing=&#8221;default&#8221; desktop_text_alignment=&#8221;default&#8221; tablet_text_alignment=&#8221;default&#8221; phone_text_alignment=&#8221;default&#8221; background_color_opacity=&#8221;1&#8243; background_hover_color_opacity=&#8221;1&#8243; column_backdrop_filter=&#8221;none&#8221; column_shadow=&#8221;none&#8221; column_border_radius=&#8221;none&#8221; column_link_target=&#8221;_self&#8221; column_position=&#8221;default&#8221; gradient_direction=&#8221;left_to_right&#8221; overlay_strength=&#8221;0.3&#8243; width=&#8221;1\/1&#8243; tablet_width_inherit=&#8221;default&#8221; animation_type=&#8221;default&#8221; bg_image_animation=&#8221;none&#8221; border_type=&#8221;simple&#8221; column_border_width=&#8221;none&#8221; column_border_style=&#8221;solid&#8221;]<div class=\"bandosingolo\"><div class=\"sezionedatabando\"><span class=\"bandochiuso\">Chiuso<\/span> <span class=\"databando\">Chiuso il 08\/10\/2025<\/span><\/div><\/div><div class=\"datapost\"><p>Pubblicato il 09 Luglio 2025 da <a href=\"https:\/\/www.italiaonline.it\/risorse\/author\/redazione-italiaonline\" class=\"author-link\">Redazione Italiaonline<\/a> <\/p><\/div><p class=\"except-articoli\">Contributi a fondo perduto per fiere, e-commerce e consulenze export: al via il bando 2025 della Camera di Commercio di Pistoia-Prato. Tutti i dettagli su Italiaonline.<\/p><div class=\"socialsharediv\"><span class=\"socialshare condividi\">Contenuto:<\/span><a href=\"https:\/\/www.facebook.com\/sharer\/sharer.php?u=https:\/\/www.italiaonline.it\/risorse\/contributi-internazionalizzazione-2025-pistoia-prato\" target=\"_blank\" class=\"socialshare\" title=\"Condividi su Facebook\"><i class=\"icon-default-style fa fa-facebook\" data-color=\"default\"><\/i><\/a><a href=\"https:\/\/api.whatsapp.com\/send?text=https:\/\/www.italiaonline.it\/risorse\/contributi-internazionalizzazione-2025-pistoia-prato\" class=\"socialshare\" target=\"_blank\" title=\"Condividi su Whatsapp\"><i class=\"icon-default-style fa fa-whatsapp\" data-color=\"default\"><\/i><\/a><a href=\"https:\/\/twitter.com\/intent\/tweet?text= https:\/\/www.italiaonline.it\/risorse\/contributi-internazionalizzazione-2025-pistoia-prato\" target=\"_blank\" class=\"socialshare \" title=\"Condividi su Twitter\"><img decoding=\"async\" class=\"twitterxlogo\" alt=\"logox\" src=\"https:\/\/www.italiaonline.it\/risorse\/wp-content\/uploads\/sites\/12\/2024\/04\/X_logo_2023.svg\"><\/a><a href=\"https:\/\/www.linkedin.com\/shareArticle?mini=true&url=https:\/\/www.italiaonline.it\/risorse\/contributi-internazionalizzazione-2025-pistoia-prato&title=&source=italiaonline.it\" target=\"_blank\" class=\"socialshare\" title=\"Condividi su Linkedin\"><i class=\"icon-default-style fa fa-linkedin\" data-color=\"default\"><\/i><\/a><\/div><img title=\"Contributi Internazionalizzazione 2025 Pistoia-Prato\"src=\"https:\/\/www.italiaonline.it\/risorse\/wp-content\/uploads\/sites\/12\/2025\/07\/bando-52.jpg\">[vc_column_text]La<strong> Camera di Commercio di Pistoia-Prato<\/strong> lancia un\u2019importante opportunit\u00e0 per sostenere le imprese del territorio nei loro percorsi di apertura ai mercati esteri. Con il <strong>Bando Internazionalizzazione 2025<\/strong>, vengono messi a disposizione contributi a fondo perduto destinati a finanziare progetti che favoriscano l\u2019export, la partecipazione a fiere internazionali, l\u2019utilizzo di piattaforme digitali per l\u2019e-commerce e il rafforzamento delle competenze interne. Un\u2019occasione concreta per rafforzare la competitivit\u00e0 delle MPMI del territorio.[\/vc_column_text][vc_column_text]<div id=\"ez-toc-container\" class=\"ez-toc-v2_0_82_2 counter-hierarchy ez-toc-counter ez-toc-grey ez-toc-container-direction\">\n<div class=\"ez-toc-title-container\">\n<span class=\"ez-toc-title-toggle\"><\/span><\/div>\n<nav><ul class='ez-toc-list ez-toc-list-level-1 ' ><li class='ez-toc-page-1 ez-toc-heading-level-2'><a class=\"ez-toc-link ez-toc-heading-1\" href=\"https:\/\/www.italiaonline.it\/risorse\/contributi-internazionalizzazione-2025-pistoia-prato\/#Scheda_riassuntiva_del_bando\" >Scheda riassuntiva del bando<\/a><\/li><li class='ez-toc-page-1 ez-toc-heading-level-2'><a class=\"ez-toc-link ez-toc-heading-2\" href=\"https:\/\/www.italiaonline.it\/risorse\/contributi-internazionalizzazione-2025-pistoia-prato\/#Obiettivo_e_fondo_stanziato\" >Obiettivo e fondo stanziato<\/a><\/li><li class='ez-toc-page-1 ez-toc-heading-level-2'><a class=\"ez-toc-link ez-toc-heading-3\" href=\"https:\/\/www.italiaonline.it\/risorse\/contributi-internazionalizzazione-2025-pistoia-prato\/#Soggetti_interessati\" >Soggetti interessati<\/a><\/li><li class='ez-toc-page-1 ez-toc-heading-level-2'><a class=\"ez-toc-link ez-toc-heading-4\" href=\"https:\/\/www.italiaonline.it\/risorse\/contributi-internazionalizzazione-2025-pistoia-prato\/#Contributo\" >Contributo<\/a><\/li><li class='ez-toc-page-1 ez-toc-heading-level-2'><a class=\"ez-toc-link ez-toc-heading-5\" href=\"https:\/\/www.italiaonline.it\/risorse\/contributi-internazionalizzazione-2025-pistoia-prato\/#Spese_ammesse_dal_bando\" >Spese ammesse dal bando<\/a><\/li><li class='ez-toc-page-1 ez-toc-heading-level-2'><a class=\"ez-toc-link ez-toc-heading-6\" href=\"https:\/\/www.italiaonline.it\/risorse\/contributi-internazionalizzazione-2025-pistoia-prato\/#Termine_di_scadenza\" >Termine di scadenza<\/a><\/li><li class='ez-toc-page-1 ez-toc-heading-level-2'><a class=\"ez-toc-link ez-toc-heading-7\" href=\"https:\/\/www.italiaonline.it\/risorse\/contributi-internazionalizzazione-2025-pistoia-prato\/#Procedure_e_invio_domanda\" >Procedure e invio domanda<\/a><\/li><li class='ez-toc-page-1 ez-toc-heading-level-2'><a class=\"ez-toc-link ez-toc-heading-8\" href=\"https:\/\/www.italiaonline.it\/risorse\/contributi-internazionalizzazione-2025-pistoia-prato\/#Controlli_ed_eventuale_revoca_contributi\" >Controlli ed eventuale revoca contributi<\/a><\/li><li class='ez-toc-page-1 ez-toc-heading-level-2'><a class=\"ez-toc-link ez-toc-heading-9\" href=\"https:\/\/www.italiaonline.it\/risorse\/contributi-internazionalizzazione-2025-pistoia-prato\/#Per_informazioni\" >Per informazioni<\/a><\/li><li class='ez-toc-page-1 ez-toc-heading-level-2'><a class=\"ez-toc-link ez-toc-heading-10\" href=\"https:\/\/www.italiaonline.it\/risorse\/contributi-internazionalizzazione-2025-pistoia-prato\/#Scarica_allegati_bando\" >Scarica allegati bando<\/a><\/li><\/ul><\/nav><\/div>\n[\/vc_column_text][vc_column_text]\n<h2><span class=\"ez-toc-section\" id=\"Scheda_riassuntiva_del_bando\"><\/span><b>Scheda riassuntiva del bando<\/b><span class=\"ez-toc-section-end\"><\/span><\/h2>\n<ul>\n<li style=\"font-weight: 400;\" aria-level=\"1\"><b>Nome del bando<\/b>: Bando per l\u2019erogazione di contributi per l\u2019internazionalizzazione \u2013 Anno 2025;<\/li>\n<li style=\"font-weight: 400;\" aria-level=\"1\"><b>A chi \u00e8 rivolto il bando<\/b>: Micro, piccole e medie imprese, consorzi, societ\u00e0 consortili e cooperative con sede a Pistoia o Prato;<\/li>\n<li style=\"font-weight: 400;\" aria-level=\"1\"><b>Fondi disponibili<\/b>: 155.000 euro;<\/li>\n<li style=\"font-weight: 400;\" aria-level=\"1\"><b>Ente che eroga il finanziamento<\/b>: Camera di Commercio di Pistoia-Prato;<\/li>\n<li style=\"font-weight: 400;\" aria-level=\"1\"><b>Le date da segnarsi sul calendario<\/b>: 16 settembre 2025 (apertura domande) e 8 ottobre 2025 (chiusura domande).<\/li>\n<\/ul>\n<h2><span class=\"ez-toc-section\" id=\"Obiettivo_e_fondo_stanziato\"><\/span><b>Obiettivo e fondo stanziato<\/b><span class=\"ez-toc-section-end\"><\/span><\/h2>\n<p>La Camera di Commercio di Pistoia-Prato ha pubblicato il nuovo <b>bando 2025<\/b> per incentivare l\u2019internazionalizzazione delle imprese locali. <b>L\u2019iniziativa mira a rafforzare la capacit\u00e0 delle aziende di operare sui mercati esteri attraverso contributi a fondo perduto<\/b>. <b>Il fondo complessivo stanziato ammonta a 155.000 euro<\/b>, destinato a sostenere progetti di promozione commerciale, digital export, partecipazione a fiere, consulenze specialistiche e altro ancora.<\/p>\n<h2><span class=\"ez-toc-section\" id=\"Soggetti_interessati\"><\/span><b>Soggetti interessati<\/b><span class=\"ez-toc-section-end\"><\/span><\/h2>\n<p>Possono partecipare:<\/p>\n<ul>\n<li style=\"font-weight: 400;\" aria-level=\"1\">Micro, piccole e medie imprese (MPMI) con sede legale o unit\u00e0 locali nelle province di Pistoia o Prato;<\/li>\n<li style=\"font-weight: 400;\" aria-level=\"1\">Consorzi, societ\u00e0 consortili e cooperative composti prevalentemente da MPMI con sede nella stessa area.<\/li>\n<\/ul>\n<p>Per essere ammessi, i soggetti devono essere attivi e in regola con:<\/p>\n<ul>\n<li style=\"font-weight: 400;\" aria-level=\"1\">Iscrizione al Registro delle Imprese;<\/li>\n<li style=\"font-weight: 400;\" aria-level=\"1\">Pagamento del diritto annuale;<\/li>\n<li style=\"font-weight: 400;\" aria-level=\"1\">DURC (regolarit\u00e0 contributiva);<\/li>\n<li style=\"font-weight: 400;\" aria-level=\"1\">Registrazione sul portale sostegnoexport.it.<\/li>\n<\/ul>\n<h2><span class=\"ez-toc-section\" id=\"Contributo\"><\/span><b>Contributo<\/b><span class=\"ez-toc-section-end\"><\/span><\/h2>\n<p><b>Il bando prevede un contributo a fondo perduto pari al 50% delle spese ammissibili<\/b>, con i seguenti tetti massimi:<\/p>\n<ul>\n<li style=\"font-weight: 400;\" aria-level=\"1\">6.000 euro per le imprese;<\/li>\n<li style=\"font-weight: 400;\" aria-level=\"1\">9.000 euro per consorzi, societ\u00e0 consortili e cooperative.<\/li>\n<\/ul>\n<p>Per accedere al contributo \u00e8 necessario un investimento minimo:<\/p>\n<ul>\n<li style=\"font-weight: 400;\" aria-level=\"1\">4.000 euro per le imprese;<\/li>\n<li style=\"font-weight: 400;\" aria-level=\"1\">6.000 euro per i soggetti aggregati.<\/li>\n<\/ul>\n<p><b>\u00c8 prevista una premialit\u00e0 aggiuntiva per chi possiede il rating di legalit\u00e0<\/b> (250 euro per imprese singole, 300 euro per consorzi e cooperative).<\/p>\n<h2><span class=\"ez-toc-section\" id=\"Spese_ammesse_dal_bando\"><\/span><b>Spese ammesse dal bando<\/b><span class=\"ez-toc-section-end\"><\/span><\/h2>\n<p>Il contributo pu\u00f2 coprire progetti gi\u00e0 realizzati (con spese sostenute dal 1\u00b0 gennaio 2025), riconducibili a uno o pi\u00f9 dei seguenti ambiti:<\/p>\n<ul>\n<li style=\"font-weight: 400;\" aria-level=\"1\">Studi di mercato, consulenze per l\u2019export e protezione del marchio;<\/li>\n<li style=\"font-weight: 400;\" aria-level=\"1\">Traduzioni, cataloghi e materiale promozionale in lingua straniera;<\/li>\n<li style=\"font-weight: 400;\" aria-level=\"1\">Certificazioni di prodotto per l\u2019estero;<\/li>\n<li style=\"font-weight: 400;\" aria-level=\"1\">Formazione per l\u2019internazionalizzazione;<\/li>\n<li style=\"font-weight: 400;\" aria-level=\"1\"><a href=\"https:\/\/www.italiaonline.it\/servizi\/pubblicita-online-creata-da-noi\/\"><b>Campagne di digital marketing<\/b><\/a> e posizionamento su marketplace esteri;<\/li>\n<li style=\"font-weight: 400;\" aria-level=\"1\">Partecipazione a fiere internazionali (in UE, extra UE o in Italia);<\/li>\n<li style=\"font-weight: 400;\" aria-level=\"1\">Affitto di spazi espositivi temporanei all\u2019estero.<\/li>\n<\/ul>\n<p>Spese escluse: vitto, alloggio, trasporto, imposte, canoni generici, servizi non specifici per l\u2019estero.<\/p>\n<h2><span class=\"ez-toc-section\" id=\"Termine_di_scadenza\"><\/span><b>Termine di scadenza<\/b><span class=\"ez-toc-section-end\"><\/span><\/h2>\n<p><b>Le domande vanno inviate dal 16 settembre 2025, ore 18:00, all\u20198 ottobre 2025, ore 23:59<\/b>. Non saranno accettate richieste presentate prima o dopo tali date.<\/p>\n<h2><span class=\"ez-toc-section\" id=\"Procedure_e_invio_domanda\"><\/span><b>Procedure e invio domanda<\/b><span class=\"ez-toc-section-end\"><\/span><\/h2>\n<p><b>La domanda va generata tramite procedura online<\/b> (formato PDF\/A) disponibile da settembre sul sito <a href=\"http:\/\/ptpo.camcom.it\"><b>ptpo.camcom.it<\/b><\/a>, quindi firmata digitalmente (formato PAdES, PDF firmato). Va, quindi, inviata una PEC all\u2019indirizzo <b>cciaa@pec.ptpo.camcom.it<\/b>, avendo per oggetto: <i>\u201cBI2025 &#8211; Domanda Contributo Internazionalizzazione 2025\u201d<\/i>.<\/p>\n<p>Alla domanda vanno allegati:<\/p>\n<ul>\n<li style=\"font-weight: 400;\" aria-level=\"1\">Fatture elettroniche (no copie di cortesia) e quietanze di pagamento;<\/li>\n<li style=\"font-weight: 400;\" aria-level=\"1\">Curriculum del consulente (in caso di consulenze);<\/li>\n<li style=\"font-weight: 400;\" aria-level=\"1\">Documenti per corsi di formazione o partecipazione a fiere;<\/li>\n<li style=\"font-weight: 400;\" aria-level=\"1\">Contratto di affitto spazi (se previsto).<\/li>\n<\/ul>\n<h2><span class=\"ez-toc-section\" id=\"Controlli_ed_eventuale_revoca_contributi\"><\/span><b>Controlli ed eventuale revoca contributi<\/b><span class=\"ez-toc-section-end\"><\/span><\/h2>\n<p><b>La Camera di Commercio si riserva il diritto di effettuare controlli e richiedere ulteriori documenti<\/b>. Il contributo potr\u00e0 essere revocato in caso di:<\/p>\n<ul>\n<li style=\"font-weight: 400;\" aria-level=\"1\">Dichiarazioni mendaci;<\/li>\n<li style=\"font-weight: 400;\" aria-level=\"1\">Documentazione incompleta o non conforme;<\/li>\n<li style=\"font-weight: 400;\" aria-level=\"1\">Impossibilit\u00e0 di effettuare verifiche.<\/li>\n<\/ul>\n<p>Una volta ricevuto l&#8217;esito positivo, l&#8217;impresa dovr\u00e0 integrare le fatture con il codice CUP ricevuto e inviarle via PEC entro 10 giorni.<\/p>\n<h2><span class=\"ez-toc-section\" id=\"Per_informazioni\"><\/span><b>Per informazioni<\/b><span class=\"ez-toc-section-end\"><\/span><\/h2>\n<p>Per info sul bando o per supporto nella procedura \u00e8 possibile fare riferimento ai seguenti contatti relativi all\u2019Ufficio Internazionalizzazione della Camera di Pistoia-Prato:<\/p>\n<ul>\n<li style=\"font-weight: 400;\" aria-level=\"1\"><b>Sede Prato<\/b>: Via del Romito, 71 | Tel. 0574 612801<\/li>\n<li style=\"font-weight: 400;\" aria-level=\"1\"><b>Sede Pistoia<\/b>: Corso Silvano Fedi, 36 | Tel. 0573 991463<\/li>\n<li style=\"font-weight: 400;\" aria-level=\"1\"><b>Email<\/b>: internazionalizzazione@ptpo.camcom.it<\/li>\n<\/ul>\n<p>Stai cercando il bando ufficiale? Puoi scaricarlo direttamente qui, su <a href=\"https:\/\/www.italiaonline.it\/\"><b>Italiaonline<\/b><\/a>.[\/vc_column_text]<h2><span class=\"ez-toc-section\" id=\"Scarica_allegati_bando\"><\/span>Scarica allegati bando<span class=\"ez-toc-section-end\"><\/span><\/h2><p><a href=\"https:\/\/www.italiaonline.it\/risorse\/wp-content\/uploads\/sites\/12\/2025\/07\/Contributi-internazionalizzazione-2025-Pistoia-Prato.pdf\" download style=\"display:block\">Contributi internazionalizzazione 2025 Pistoia-Prato<\/a><\/p><div class=\"posttagdiv\"><span class=\"posttagbutton\">News bandi: ultime notizie<\/span><\/div><div class=\"socialsharediv\"><span class=\"socialshare condividi\">Contenuto:<\/span><a href=\"https:\/\/www.facebook.com\/sharer\/sharer.php?u=https:\/\/www.italiaonline.it\/risorse\/contributi-internazionalizzazione-2025-pistoia-prato\" target=\"_blank\" class=\"socialshare\" title=\"Condividi su Facebook\"><i class=\"icon-default-style fa fa-facebook\" data-color=\"default\"><\/i><\/a><a href=\"https:\/\/api.whatsapp.com\/send?text=https:\/\/www.italiaonline.it\/risorse\/contributi-internazionalizzazione-2025-pistoia-prato\" class=\"socialshare\" target=\"_blank\" title=\"Condividi su Whatsapp\"><i class=\"icon-default-style fa fa-whatsapp\" data-color=\"default\"><\/i><\/a><a href=\"https:\/\/twitter.com\/intent\/tweet?text= https:\/\/www.italiaonline.it\/risorse\/contributi-internazionalizzazione-2025-pistoia-prato\" target=\"_blank\" class=\"socialshare \" title=\"Condividi su Twitter\"><img decoding=\"async\" class=\"twitterxlogo\" alt=\"logox\" src=\"https:\/\/www.italiaonline.it\/risorse\/wp-content\/uploads\/sites\/12\/2024\/04\/X_logo_2023.svg\"><\/a><a href=\"https:\/\/www.linkedin.com\/shareArticle?mini=true&url=https:\/\/www.italiaonline.it\/risorse\/contributi-internazionalizzazione-2025-pistoia-prato&title=&source=italiaonline.it\" target=\"_blank\" class=\"socialshare\" title=\"Condividi su Linkedin\"><i class=\"icon-default-style fa fa-linkedin\" data-color=\"default\"><\/i><\/a><\/div><div class=\"ctadiv\"><div class=\"ctadiva\"><h3>Ottieni la tua consulenza gratuita e senza impegno!<\/h3><\/div><div class=\"ctadivb\"><div class=\"SENDLEAD\"><button class=\"ctaform\" canalelead=\"Canale Online\" siglaprodotto=\"Consulenza Digitale-P17\" productname=\"Consulenza digitale\">RICHIEDI CONTATTO<\/button><\/div><\/div><\/div>[\/vc_column][\/vc_row]\n","protected":false},"excerpt":{"rendered":"<p>Contributi a fondo perduto per fiere, e-commerce e consulenze export: al via il bando 2025 della Camera di Commercio di Pistoia-Prato. Tutti i dettagli su Italiaonline.<\/p>\n","protected":false},"author":50,"featured_media":14304,"comment_status":"closed","ping_status":"closed","sticky":false,"template":"","format":"standard","meta":{"_acf_changed":false,"inline_featured_image":false,"footnotes":""},"categories":[11],"tags":[166],"area-geografica":[344],"servizi-acquistati":[],"settore-merceologico":[],"class_list":{"0":"post-14303","1":"post","2":"type-post","3":"status-publish","4":"format-standard","5":"has-post-thumbnail","7":"category-bandi","8":"tag-bandi"},"yoast_head":"<!-- This site is optimized with the Yoast SEO plugin v25.6 - https:\/\/yoast.com\/wordpress\/plugins\/seo\/ -->\n<title>Contributi Internazionalizzazione 2025 Pistoia-Prato | Italiaonline<\/title>\n<meta name=\"description\" content=\"Con il Bando Internazionalizzazione 2025 la Camera di Commercio di Pistoia-Prato promuove l\u2019operativit\u00e0 delle PMI locali sui mercati esteri.\" \/>\n<meta name=\"robots\" content=\"index, follow, max-snippet:-1, max-image-preview:large, max-video-preview:-1\" \/>\n<link rel=\"canonical\" href=\"https:\/\/www.italiaonline.it\/risorse\/contributi-internazionalizzazione-2025-pistoia-prato\" \/>\n<meta property=\"og:locale\" content=\"it_IT\" \/>\n<meta property=\"og:type\" content=\"article\" \/>\n<meta property=\"og:title\" content=\"Contributi Internazionalizzazione 2025 Pistoia-Prato | Italiaonline\" \/>\n<meta property=\"og:description\" content=\"Con il Bando Internazionalizzazione 2025 la Camera di Commercio di Pistoia-Prato promuove l\u2019operativit\u00e0 delle PMI locali sui mercati esteri.\" \/>\n<meta property=\"og:url\" content=\"https:\/\/www.italiaonline.it\/risorse\/contributi-internazionalizzazione-2025-pistoia-prato\" \/>\n<meta property=\"og:site_name\" content=\"Blog Italiaonline\" \/>\n<meta property=\"article:published_time\" content=\"2025-07-09T14:01:37+00:00\" \/>\n<meta property=\"article:modified_time\" content=\"2025-07-09T14:03:44+00:00\" \/>\n<meta property=\"og:image\" content=\"https:\/\/www.italiaonline.it\/risorse\/wp-content\/uploads\/sites\/12\/2025\/07\/bando-52.jpg\" \/>\n\t<meta property=\"og:image:width\" content=\"1600\" \/>\n\t<meta property=\"og:image:height\" content=\"840\" \/>\n\t<meta property=\"og:image:type\" content=\"image\/jpeg\" \/>\n<meta name=\"author\" content=\"Redazione Italiaonline\" \/>\n<meta name=\"twitter:card\" content=\"summary_large_image\" \/>\n<meta name=\"twitter:label1\" content=\"Scritto da\" \/>\n\t<meta name=\"twitter:data1\" content=\"Redazione Italiaonline\" \/>\n\t<meta name=\"twitter:label2\" content=\"Tempo di lettura stimato\" \/>\n\t<meta name=\"twitter:data2\" content=\"5 minuti\" \/>\n<script type=\"application\/ld+json\" class=\"yoast-schema-graph\">{\"@context\":\"https:\/\/schema.org\",\"@graph\":[{\"@type\":\"WebPage\",\"@id\":\"https:\/\/www.italiaonline.it\/risorse\/contributi-internazionalizzazione-2025-pistoia-prato\",\"url\":\"https:\/\/www.italiaonline.it\/risorse\/contributi-internazionalizzazione-2025-pistoia-prato\",\"name\":\"Contributi Internazionalizzazione 2025 Pistoia-Prato | Italiaonline\",\"isPartOf\":{\"@id\":\"https:\/\/www.italiaonline.it\/risorse\/#website\"},\"primaryImageOfPage\":{\"@id\":\"https:\/\/www.italiaonline.it\/risorse\/contributi-internazionalizzazione-2025-pistoia-prato#primaryimage\"},\"image\":{\"@id\":\"https:\/\/www.italiaonline.it\/risorse\/contributi-internazionalizzazione-2025-pistoia-prato#primaryimage\"},\"thumbnailUrl\":\"https:\/\/www.italiaonline.it\/risorse\/wp-content\/uploads\/sites\/12\/2025\/07\/bando-52.jpg\",\"datePublished\":\"2025-07-09T14:01:37+00:00\",\"dateModified\":\"2025-07-09T14:03:44+00:00\",\"author\":{\"@id\":\"https:\/\/www.italiaonline.it\/risorse\/#\/schema\/person\/9b0e5f3fc87ae9ab9bbdfcf1b418d919\"},\"description\":\"Con il Bando Internazionalizzazione 2025 la Camera di Commercio di Pistoia-Prato promuove l\u2019operativit\u00e0 delle PMI locali sui mercati esteri.\",\"breadcrumb\":{\"@id\":\"https:\/\/www.italiaonline.it\/risorse\/contributi-internazionalizzazione-2025-pistoia-prato#breadcrumb\"},\"inLanguage\":\"it-IT\",\"potentialAction\":[{\"@type\":\"ReadAction\",\"target\":[\"https:\/\/www.italiaonline.it\/risorse\/contributi-internazionalizzazione-2025-pistoia-prato\"]}]},{\"@type\":\"ImageObject\",\"inLanguage\":\"it-IT\",\"@id\":\"https:\/\/www.italiaonline.it\/risorse\/contributi-internazionalizzazione-2025-pistoia-prato#primaryimage\",\"url\":\"https:\/\/www.italiaonline.it\/risorse\/wp-content\/uploads\/sites\/12\/2025\/07\/bando-52.jpg\",\"contentUrl\":\"https:\/\/www.italiaonline.it\/risorse\/wp-content\/uploads\/sites\/12\/2025\/07\/bando-52.jpg\",\"width\":1600,\"height\":840},{\"@type\":\"BreadcrumbList\",\"@id\":\"https:\/\/www.italiaonline.it\/risorse\/contributi-internazionalizzazione-2025-pistoia-prato#breadcrumb\",\"itemListElement\":[{\"@type\":\"ListItem\",\"position\":1,\"name\":\"Home\",\"item\":\"https:\/\/www.italiaonline.it\/risorse\/\"},{\"@type\":\"ListItem\",\"position\":2,\"name\":\"Contributi Internazionalizzazione 2025 Pistoia-Prato\"}]},{\"@type\":\"WebSite\",\"@id\":\"https:\/\/www.italiaonline.it\/risorse\/#website\",\"url\":\"https:\/\/www.italiaonline.it\/risorse\/\",\"name\":\"Blog Italiaonline\",\"description\":\"\",\"potentialAction\":[{\"@type\":\"SearchAction\",\"target\":{\"@type\":\"EntryPoint\",\"urlTemplate\":\"https:\/\/www.italiaonline.it\/risorse\/?s={search_term_string}\"},\"query-input\":{\"@type\":\"PropertyValueSpecification\",\"valueRequired\":true,\"valueName\":\"search_term_string\"}}],\"inLanguage\":\"it-IT\"},{\"@type\":\"Person\",\"@id\":\"https:\/\/www.italiaonline.it\/risorse\/#\/schema\/person\/9b0e5f3fc87ae9ab9bbdfcf1b418d919\",\"name\":\"Redazione Italiaonline\",\"image\":{\"@type\":\"ImageObject\",\"inLanguage\":\"it-IT\",\"@id\":\"https:\/\/www.italiaonline.it\/risorse\/#\/schema\/person\/image\/\",\"url\":\"https:\/\/www.italiaonline.it\/risorse\/wp-content\/uploads\/sites\/12\/2025\/03\/cropped-cropped-cropped-favicon-2-80x80-1.png\",\"contentUrl\":\"https:\/\/www.italiaonline.it\/risorse\/wp-content\/uploads\/sites\/12\/2025\/03\/cropped-cropped-cropped-favicon-2-80x80-1.png\",\"caption\":\"Redazione Italiaonline\"},\"description\":\"Italiaonline \u00e8 il partner delle imprese italiane nella trasformazione digitale e accompagna oltre 700 grandi imprese, 1.800 enti pubblici e 205 mila piccole e medie imprese. Con 45 sedi e quasi 700 consulenti, offre soluzioni per la presenza online, siti web, e-commerce, pubblicit\u00e0, gestione social e tanto altro. Attraverso le sue piattaforme digitali come PagineGialle, PagineGialle Casa, PagineGialle Shop e PagineBianche connette milioni di clienti con aziende e professionisti. I suoi portali, tra cui Libero e Virgilio, raggiungono oltre 25 milioni di utenti mensili. La concessionaria iOL Advertising supporta i principali operatori economici del Paese, Grandi Aziende e Centri Media, nello sviluppo delle loro campagne di comunicazione digitale.\",\"url\":\"https:\/\/www.italiaonline.it\/risorse\/author\/redazione-italiaonline\"}]}<\/script>\n<!-- \/ Yoast SEO plugin. -->","yoast_head_json":{"title":"Contributi Internazionalizzazione 2025 Pistoia-Prato | Italiaonline","description":"Con il Bando Internazionalizzazione 2025 la Camera di Commercio di Pistoia-Prato promuove l\u2019operativit\u00e0 delle PMI locali sui mercati esteri.","robots":{"index":"index","follow":"follow","max-snippet":"max-snippet:-1","max-image-preview":"max-image-preview:large","max-video-preview":"max-video-preview:-1"},"canonical":"https:\/\/www.italiaonline.it\/risorse\/contributi-internazionalizzazione-2025-pistoia-prato","og_locale":"it_IT","og_type":"article","og_title":"Contributi Internazionalizzazione 2025 Pistoia-Prato | Italiaonline","og_description":"Con il Bando Internazionalizzazione 2025 la Camera di Commercio di Pistoia-Prato promuove l\u2019operativit\u00e0 delle PMI locali sui mercati esteri.","og_url":"https:\/\/www.italiaonline.it\/risorse\/contributi-internazionalizzazione-2025-pistoia-prato","og_site_name":"Blog Italiaonline","article_published_time":"2025-07-09T14:01:37+00:00","article_modified_time":"2025-07-09T14:03:44+00:00","og_image":[{"width":1600,"height":840,"url":"https:\/\/www.italiaonline.it\/risorse\/wp-content\/uploads\/sites\/12\/2025\/07\/bando-52.jpg","type":"image\/jpeg"}],"author":"Redazione Italiaonline","twitter_card":"summary_large_image","twitter_misc":{"Scritto da":"Redazione Italiaonline","Tempo di lettura stimato":"5 minuti"},"schema":{"@context":"https:\/\/schema.org","@graph":[{"@type":"WebPage","@id":"https:\/\/www.italiaonline.it\/risorse\/contributi-internazionalizzazione-2025-pistoia-prato","url":"https:\/\/www.italiaonline.it\/risorse\/contributi-internazionalizzazione-2025-pistoia-prato","name":"Contributi Internazionalizzazione 2025 Pistoia-Prato | Italiaonline","isPartOf":{"@id":"https:\/\/www.italiaonline.it\/risorse\/#website"},"primaryImageOfPage":{"@id":"https:\/\/www.italiaonline.it\/risorse\/contributi-internazionalizzazione-2025-pistoia-prato#primaryimage"},"image":{"@id":"https:\/\/www.italiaonline.it\/risorse\/contributi-internazionalizzazione-2025-pistoia-prato#primaryimage"},"thumbnailUrl":"https:\/\/www.italiaonline.it\/risorse\/wp-content\/uploads\/sites\/12\/2025\/07\/bando-52.jpg","datePublished":"2025-07-09T14:01:37+00:00","dateModified":"2025-07-09T14:03:44+00:00","author":{"@id":"https:\/\/www.italiaonline.it\/risorse\/#\/schema\/person\/9b0e5f3fc87ae9ab9bbdfcf1b418d919"},"description":"Con il Bando Internazionalizzazione 2025 la Camera di Commercio di Pistoia-Prato promuove l\u2019operativit\u00e0 delle PMI locali sui mercati esteri.","breadcrumb":{"@id":"https:\/\/www.italiaonline.it\/risorse\/contributi-internazionalizzazione-2025-pistoia-prato#breadcrumb"},"inLanguage":"it-IT","potentialAction":[{"@type":"ReadAction","target":["https:\/\/www.italiaonline.it\/risorse\/contributi-internazionalizzazione-2025-pistoia-prato"]}]},{"@type":"ImageObject","inLanguage":"it-IT","@id":"https:\/\/www.italiaonline.it\/risorse\/contributi-internazionalizzazione-2025-pistoia-prato#primaryimage","url":"https:\/\/www.italiaonline.it\/risorse\/wp-content\/uploads\/sites\/12\/2025\/07\/bando-52.jpg","contentUrl":"https:\/\/www.italiaonline.it\/risorse\/wp-content\/uploads\/sites\/12\/2025\/07\/bando-52.jpg","width":1600,"height":840},{"@type":"BreadcrumbList","@id":"https:\/\/www.italiaonline.it\/risorse\/contributi-internazionalizzazione-2025-pistoia-prato#breadcrumb","itemListElement":[{"@type":"ListItem","position":1,"name":"Home","item":"https:\/\/www.italiaonline.it\/risorse\/"},{"@type":"ListItem","position":2,"name":"Contributi Internazionalizzazione 2025 Pistoia-Prato"}]},{"@type":"WebSite","@id":"https:\/\/www.italiaonline.it\/risorse\/#website","url":"https:\/\/www.italiaonline.it\/risorse\/","name":"Blog Italiaonline","description":"","potentialAction":[{"@type":"SearchAction","target":{"@type":"EntryPoint","urlTemplate":"https:\/\/www.italiaonline.it\/risorse\/?s={search_term_string}"},"query-input":{"@type":"PropertyValueSpecification","valueRequired":true,"valueName":"search_term_string"}}],"inLanguage":"it-IT"},{"@type":"Person","@id":"https:\/\/www.italiaonline.it\/risorse\/#\/schema\/person\/9b0e5f3fc87ae9ab9bbdfcf1b418d919","name":"Redazione Italiaonline","image":{"@type":"ImageObject","inLanguage":"it-IT","@id":"https:\/\/www.italiaonline.it\/risorse\/#\/schema\/person\/image\/","url":"https:\/\/www.italiaonline.it\/risorse\/wp-content\/uploads\/sites\/12\/2025\/03\/cropped-cropped-cropped-favicon-2-80x80-1.png","contentUrl":"https:\/\/www.italiaonline.it\/risorse\/wp-content\/uploads\/sites\/12\/2025\/03\/cropped-cropped-cropped-favicon-2-80x80-1.png","caption":"Redazione Italiaonline"},"description":"Italiaonline \u00e8 il partner delle imprese italiane nella trasformazione digitale e accompagna oltre 700 grandi imprese, 1.800 enti pubblici e 205 mila piccole e medie imprese. Con 45 sedi e quasi 700 consulenti, offre soluzioni per la presenza online, siti web, e-commerce, pubblicit\u00e0, gestione social e tanto altro. Attraverso le sue piattaforme digitali come PagineGialle, PagineGialle Casa, PagineGialle Shop e PagineBianche connette milioni di clienti con aziende e professionisti. I suoi portali, tra cui Libero e Virgilio, raggiungono oltre 25 milioni di utenti mensili. La concessionaria iOL Advertising supporta i principali operatori economici del Paese, Grandi Aziende e Centri Media, nello sviluppo delle loro campagne di comunicazione digitale.","url":"https:\/\/www.italiaonline.it\/risorse\/author\/redazione-italiaonline"}]}},"acf":[],"_links":{"self":[{"href":"https:\/\/www.italiaonline.it\/risorse\/wp-json\/wp\/v2\/posts\/14303"}],"collection":[{"href":"https:\/\/www.italiaonline.it\/risorse\/wp-json\/wp\/v2\/posts"}],"about":[{"href":"https:\/\/www.italiaonline.it\/risorse\/wp-json\/wp\/v2\/types\/post"}],"author":[{"embeddable":true,"href":"https:\/\/www.italiaonline.it\/risorse\/wp-json\/wp\/v2\/users\/50"}],"replies":[{"embeddable":true,"href":"https:\/\/www.italiaonline.it\/risorse\/wp-json\/wp\/v2\/comments?post=14303"}],"version-history":[{"count":2,"href":"https:\/\/www.italiaonline.it\/risorse\/wp-json\/wp\/v2\/posts\/14303\/revisions"}],"predecessor-version":[{"id":14311,"href":"https:\/\/www.italiaonline.it\/risorse\/wp-json\/wp\/v2\/posts\/14303\/revisions\/14311"}],"wp:featuredmedia":[{"embeddable":true,"href":"https:\/\/www.italiaonline.it\/risorse\/wp-json\/wp\/v2\/media\/14304"}],"wp:attachment":[{"href":"https:\/\/www.italiaonline.it\/risorse\/wp-json\/wp\/v2\/media?parent=14303"}],"wp:term":[{"taxonomy":"category","embeddable":true,"href":"https:\/\/www.italiaonline.it\/risorse\/wp-json\/wp\/v2\/categories?post=14303"},{"taxonomy":"post_tag","embeddable":true,"href":"https:\/\/www.italiaonline.it\/risorse\/wp-json\/wp\/v2\/tags?post=14303"},{"taxonomy":"area-geografica","embeddable":true,"href":"https:\/\/www.italiaonline.it\/risorse\/wp-json\/wp\/v2\/area-geografica?post=14303"},{"taxonomy":"servizi-acquistati","embeddable":true,"href":"https:\/\/www.italiaonline.it\/risorse\/wp-json\/wp\/v2\/servizi-acquistati?post=14303"},{"taxonomy":"settore-merceologico","embeddable":true,"href":"https:\/\/www.italiaonline.it\/risorse\/wp-json\/wp\/v2\/settore-merceologico?post=14303"}],"curies":[{"name":"wp","href":"https:\/\/api.w.org\/{rel}","templated":true}]}}