{"id":34386,"date":"2025-04-10T10:21:05","date_gmt":"2025-04-10T08:21:05","guid":{"rendered":"https:\/\/www.italiaonline.it\/iol-advertising\/?p=34386\/"},"modified":"2025-04-10T10:21:05","modified_gmt":"2025-04-10T08:21:05","slug":"l-importanza-strategica-dei-dati-per-italiaonline-al-programmatic-day","status":"publish","type":"post","link":"https:\/\/www.italiaonline.it\/iol-advertising\/2025\/04\/10\/l-importanza-strategica-dei-dati-per-italiaonline-al-programmatic-day\/","title":{"rendered":"L\u2019importanza strategica dei dati per Italiaonline al Programmatic Day"},"content":{"rendered":"<p><img loading=\"lazy\" decoding=\"async\" class=\"aligncenter wp-image-34387 size-full\" src=\"https:\/\/www.italiaonline.it\/iol-advertising\/wp-content\/uploads\/sites\/9\/2025\/04\/PROGRAMMATIC.jpg\" alt=\"\" width=\"600\" height=\"400\" srcset=\"https:\/\/www.italiaonline.it\/iol-advertising\/wp-content\/uploads\/sites\/9\/2025\/04\/PROGRAMMATIC.jpg 600w, https:\/\/www.italiaonline.it\/iol-advertising\/wp-content\/uploads\/sites\/9\/2025\/04\/PROGRAMMATIC-300x200.jpg 300w\" sizes=\"auto, (max-width: 600px) 100vw, 600px\" \/><\/p>\n<p>In occasione del <a href=\"https:\/\/www.programmatic-day.it\/\" target=\"_blank\" rel=\"noopener\"><em>Programmatic Day<\/em><\/a>, il principale evento italiano dedicato al programmatic advertising, Domenico Pascuzzi, <strong>Publishing &amp; VAS Director<\/strong> di Italiaonline, ha approfondito alcuni dei temi pi\u00f9 rilevanti del digital advertising, mettendo in luce come dati, intelligenza artificiale e nuove strategie creative stiano ridefinendo il settore.<\/p>\n<p>Nell\u2019intervento \u00e8 stato posto l\u2019accento sul <strong>valore strategico del dato<\/strong>, inteso come risorsa con una doppia anima: tecnologica e creativa. Italiaonline si avvale di una <strong>data stack avanzata<\/strong>, il cui elemento di punta \u00e8 rappresentato dai dati di prima parte. Questa infrastruttura, aperta e interoperabile con i principali sistemi di identity e data clean room, \u00e8 pienamente integrabile nelle supply programmatiche, costituendo il motore delle attivit\u00e0 di targeting e personalizzazione.<\/p>\n<p>L\u2019intelligenza artificiale sta rivoluzionando il concetto stesso di dato, trasformandolo in una leva sempre pi\u00f9 <strong>predittiva e generativa<\/strong>, capace di alimentare innovazione e creativit\u00e0. Nel portfolio pubblicitario di Italiaonline, questa sinergia tra dati e creativit\u00e0 si concretizza in <strong>soluzioni ad alto impatto<\/strong>: formati interattivi, shoppable, in realt\u00e0 aumentata, pensati per integrarsi naturalmente nei contenuti editoriali e massimizzare attenzione e coinvolgimento.<\/p>\n<p>Il risultato \u00e8 una pubblicit\u00e0 meno intrusiva, pi\u00f9 emozionale capace di costruire un vero storytelling e di creare una connessione autentica tra brand e consumatore.<\/p>\n<p>Durante l\u2019incontro sono stati inoltre analizzati due dei trend emergenti pi\u00f9 interessanti del settore: <strong>Retail Media<\/strong> e <strong>Curated Deals<\/strong>. Il primo rappresenta il punto d\u2019incontro tra advertising ed e-commerce ed offre nuove opportunit\u00e0 di attivazione lungo l\u2019intero percorso d\u2019acquisto del consumatore. I Curated Deals, invece, consentono un approccio pi\u00f9 selettivo e qualitativo alla pubblicit\u00e0 programmatica, su scala nazionale e internazionale.<\/p>\n<p>L\u2019intervento si \u00e8 concluso con un approfondimento sull\u2019evoluzione in corso dei magazine di Italiaonline, che si sviluppa lungo due direttrici principali: da un lato, l\u2019integrazione dell\u2019<strong>AI agentica<\/strong> a supporto delle redazioni; dall\u2019altro, l\u2019espansione nell\u2019universo <strong>social<\/strong> e degli <strong>eventi<\/strong>, resa possibile grazie alla collaborazione con creator e alla partecipazione a manifestazioni di rilievo come BIT, KeyRimini, Kids Marketing Forum, TuttoFood, Salone dell\u2019Auto, TTG Travel Experience, Social Football Summit.<br \/>\nL\u2019obiettivo \u00e8 quello di creare ecosistemi esperienziali, capaci di legare fisico e digitale.<\/p>\n","protected":false},"excerpt":{"rendered":"<p>In occasione del Programmatic Day, il principale evento italiano dedicato al programmatic advertising, Domenico Pascuzzi,&#8230;<\/p>\n","protected":false},"author":34,"featured_media":34387,"comment_status":"closed","ping_status":"closed","sticky":false,"template":"","format":"standard","meta":{"_acf_changed":false,"inline_featured_image":false,"rs_blank_template":"","rs_page_bg_color":"#ffffff","slide_template_v7":"","footnotes":""},"categories":[10],"tags":[],"class_list":["post-34386","post","type-post","status-publish","format-standard","has-post-thumbnail","hentry","category-news"],"yoast_head":"<!-- This site is optimized with the Yoast SEO plugin v27.4 - https:\/\/yoast.com\/product\/yoast-seo-wordpress\/ -->\n<title>L\u2019importanza strategica dei dati per Italiaonline al Programmatic Day<\/title>\n<meta name=\"description\" content=\"Italiaonline al Programmatic Day: il valore strategico dei dati e dell&#039;AI\" \/>\n<meta name=\"robots\" content=\"index, follow, max-snippet:-1, max-image-preview:large, max-video-preview:-1\" \/>\n<link rel=\"canonical\" href=\"https:\/\/www.italiaonline.it\/iol-advertising\/2025\/04\/10\/l-importanza-strategica-dei-dati-per-italiaonline-al-programmatic-day\/\" \/>\n<meta property=\"og:locale\" content=\"it_IT\" \/>\n<meta property=\"og:type\" content=\"article\" \/>\n<meta property=\"og:title\" content=\"L\u2019importanza strategica dei dati per Italiaonline al Programmatic Day\" \/>\n<meta property=\"og:description\" content=\"Italiaonline al Programmatic Day: il valore strategico dei dati e dell&#039;AI\" \/>\n<meta property=\"og:url\" content=\"https:\/\/www.italiaonline.it\/iol-advertising\/2025\/04\/10\/l-importanza-strategica-dei-dati-per-italiaonline-al-programmatic-day\/\" \/>\n<meta property=\"og:site_name\" content=\"iOL Advertising\" \/>\n<meta property=\"article:published_time\" content=\"2025-04-10T08:21:05+00:00\" \/>\n<meta property=\"og:image\" content=\"https:\/\/www.italiaonline.it\/iol-advertising\/wp-content\/uploads\/sites\/9\/2025\/04\/PROGRAMMATIC.jpg\" \/>\n\t<meta property=\"og:image:width\" content=\"600\" \/>\n\t<meta property=\"og:image:height\" content=\"400\" \/>\n\t<meta property=\"og:image:type\" content=\"image\/jpeg\" \/>\n<meta name=\"author\" content=\"vdirienzo\" \/>\n<meta name=\"twitter:card\" content=\"summary_large_image\" \/>\n<meta name=\"twitter:label1\" content=\"Scritto da\" \/>\n\t<meta name=\"twitter:data1\" content=\"vdirienzo\" \/>\n\t<meta name=\"twitter:label2\" content=\"Tempo di lettura stimato\" \/>\n\t<meta name=\"twitter:data2\" content=\"3 minuti\" \/>\n<script type=\"application\/ld+json\" class=\"yoast-schema-graph\">{\"@context\":\"https:\\\/\\\/schema.org\",\"@graph\":[{\"@type\":\"Article\",\"@id\":\"https:\\\/\\\/www.italiaonline.it\\\/iol-advertising\\\/2025\\\/04\\\/10\\\/l-importanza-strategica-dei-dati-per-italiaonline-al-programmatic-day\\\/#article\",\"isPartOf\":{\"@id\":\"https:\\\/\\\/www.italiaonline.it\\\/iol-advertising\\\/2025\\\/04\\\/10\\\/l-importanza-strategica-dei-dati-per-italiaonline-al-programmatic-day\\\/\"},\"author\":{\"name\":\"vdirienzo\",\"@id\":\"https:\\\/\\\/www.italiaonline.it\\\/iol-advertising\\\/#\\\/schema\\\/person\\\/a2fd61ee2263078ba7ccc20d74261880\"},\"headline\":\"L\u2019importanza strategica dei dati per Italiaonline al Programmatic Day\",\"datePublished\":\"2025-04-10T08:21:05+00:00\",\"mainEntityOfPage\":{\"@id\":\"https:\\\/\\\/www.italiaonline.it\\\/iol-advertising\\\/2025\\\/04\\\/10\\\/l-importanza-strategica-dei-dati-per-italiaonline-al-programmatic-day\\\/\"},\"wordCount\":361,\"image\":{\"@id\":\"https:\\\/\\\/www.italiaonline.it\\\/iol-advertising\\\/2025\\\/04\\\/10\\\/l-importanza-strategica-dei-dati-per-italiaonline-al-programmatic-day\\\/#primaryimage\"},\"thumbnailUrl\":\"https:\\\/\\\/www.italiaonline.it\\\/iol-advertising\\\/wp-content\\\/uploads\\\/sites\\\/9\\\/2025\\\/04\\\/PROGRAMMATIC.jpg\",\"articleSection\":[\"News\"],\"inLanguage\":\"it-IT\"},{\"@type\":\"WebPage\",\"@id\":\"https:\\\/\\\/www.italiaonline.it\\\/iol-advertising\\\/2025\\\/04\\\/10\\\/l-importanza-strategica-dei-dati-per-italiaonline-al-programmatic-day\\\/\",\"url\":\"https:\\\/\\\/www.italiaonline.it\\\/iol-advertising\\\/2025\\\/04\\\/10\\\/l-importanza-strategica-dei-dati-per-italiaonline-al-programmatic-day\\\/\",\"name\":\"L\u2019importanza strategica dei dati per Italiaonline al Programmatic Day\",\"isPartOf\":{\"@id\":\"https:\\\/\\\/www.italiaonline.it\\\/iol-advertising\\\/#website\"},\"primaryImageOfPage\":{\"@id\":\"https:\\\/\\\/www.italiaonline.it\\\/iol-advertising\\\/2025\\\/04\\\/10\\\/l-importanza-strategica-dei-dati-per-italiaonline-al-programmatic-day\\\/#primaryimage\"},\"image\":{\"@id\":\"https:\\\/\\\/www.italiaonline.it\\\/iol-advertising\\\/2025\\\/04\\\/10\\\/l-importanza-strategica-dei-dati-per-italiaonline-al-programmatic-day\\\/#primaryimage\"},\"thumbnailUrl\":\"https:\\\/\\\/www.italiaonline.it\\\/iol-advertising\\\/wp-content\\\/uploads\\\/sites\\\/9\\\/2025\\\/04\\\/PROGRAMMATIC.jpg\",\"datePublished\":\"2025-04-10T08:21:05+00:00\",\"author\":{\"@id\":\"https:\\\/\\\/www.italiaonline.it\\\/iol-advertising\\\/#\\\/schema\\\/person\\\/a2fd61ee2263078ba7ccc20d74261880\"},\"description\":\"Italiaonline al Programmatic Day: il valore strategico dei dati e dell'AI\",\"breadcrumb\":{\"@id\":\"https:\\\/\\\/www.italiaonline.it\\\/iol-advertising\\\/2025\\\/04\\\/10\\\/l-importanza-strategica-dei-dati-per-italiaonline-al-programmatic-day\\\/#breadcrumb\"},\"inLanguage\":\"it-IT\",\"potentialAction\":[{\"@type\":\"ReadAction\",\"target\":[\"https:\\\/\\\/www.italiaonline.it\\\/iol-advertising\\\/2025\\\/04\\\/10\\\/l-importanza-strategica-dei-dati-per-italiaonline-al-programmatic-day\\\/\"]}]},{\"@type\":\"ImageObject\",\"inLanguage\":\"it-IT\",\"@id\":\"https:\\\/\\\/www.italiaonline.it\\\/iol-advertising\\\/2025\\\/04\\\/10\\\/l-importanza-strategica-dei-dati-per-italiaonline-al-programmatic-day\\\/#primaryimage\",\"url\":\"https:\\\/\\\/www.italiaonline.it\\\/iol-advertising\\\/wp-content\\\/uploads\\\/sites\\\/9\\\/2025\\\/04\\\/PROGRAMMATIC.jpg\",\"contentUrl\":\"https:\\\/\\\/www.italiaonline.it\\\/iol-advertising\\\/wp-content\\\/uploads\\\/sites\\\/9\\\/2025\\\/04\\\/PROGRAMMATIC.jpg\",\"width\":600,\"height\":400},{\"@type\":\"BreadcrumbList\",\"@id\":\"https:\\\/\\\/www.italiaonline.it\\\/iol-advertising\\\/2025\\\/04\\\/10\\\/l-importanza-strategica-dei-dati-per-italiaonline-al-programmatic-day\\\/#breadcrumb\",\"itemListElement\":[{\"@type\":\"ListItem\",\"position\":1,\"name\":\"Home\",\"item\":\"https:\\\/\\\/www.italiaonline.it\\\/iol-advertising\\\/\"},{\"@type\":\"ListItem\",\"position\":2,\"name\":\"L\u2019importanza strategica dei dati per Italiaonline al Programmatic Day\"}]},{\"@type\":\"WebSite\",\"@id\":\"https:\\\/\\\/www.italiaonline.it\\\/iol-advertising\\\/#website\",\"url\":\"https:\\\/\\\/www.italiaonline.it\\\/iol-advertising\\\/\",\"name\":\"iOL Advertising\",\"description\":\"Sito iOL Advertising\",\"potentialAction\":[{\"@type\":\"SearchAction\",\"target\":{\"@type\":\"EntryPoint\",\"urlTemplate\":\"https:\\\/\\\/www.italiaonline.it\\\/iol-advertising\\\/?s={search_term_string}\"},\"query-input\":{\"@type\":\"PropertyValueSpecification\",\"valueRequired\":true,\"valueName\":\"search_term_string\"}}],\"inLanguage\":\"it-IT\"},{\"@type\":\"Person\",\"@id\":\"https:\\\/\\\/www.italiaonline.it\\\/iol-advertising\\\/#\\\/schema\\\/person\\\/a2fd61ee2263078ba7ccc20d74261880\",\"name\":\"vdirienzo\",\"image\":{\"@type\":\"ImageObject\",\"inLanguage\":\"it-IT\",\"@id\":\"https:\\\/\\\/secure.gravatar.com\\\/avatar\\\/8df6672987e2f367179ed7f2883ae486c9f118def042dd9ece3e518cf928b6ea?s=96&d=blank&r=g\",\"url\":\"https:\\\/\\\/secure.gravatar.com\\\/avatar\\\/8df6672987e2f367179ed7f2883ae486c9f118def042dd9ece3e518cf928b6ea?s=96&d=blank&r=g\",\"contentUrl\":\"https:\\\/\\\/secure.gravatar.com\\\/avatar\\\/8df6672987e2f367179ed7f2883ae486c9f118def042dd9ece3e518cf928b6ea?s=96&d=blank&r=g\",\"caption\":\"vdirienzo\"}}]}<\/script>\n<!-- \/ Yoast SEO plugin. -->","yoast_head_json":{"title":"L\u2019importanza strategica dei dati per Italiaonline al Programmatic Day","description":"Italiaonline al Programmatic Day: il valore strategico dei dati e dell'AI","robots":{"index":"index","follow":"follow","max-snippet":"max-snippet:-1","max-image-preview":"max-image-preview:large","max-video-preview":"max-video-preview:-1"},"canonical":"https:\/\/www.italiaonline.it\/iol-advertising\/2025\/04\/10\/l-importanza-strategica-dei-dati-per-italiaonline-al-programmatic-day\/","og_locale":"it_IT","og_type":"article","og_title":"L\u2019importanza strategica dei dati per Italiaonline al Programmatic Day","og_description":"Italiaonline al Programmatic Day: il valore strategico dei dati e dell'AI","og_url":"https:\/\/www.italiaonline.it\/iol-advertising\/2025\/04\/10\/l-importanza-strategica-dei-dati-per-italiaonline-al-programmatic-day\/","og_site_name":"iOL Advertising","article_published_time":"2025-04-10T08:21:05+00:00","og_image":[{"width":600,"height":400,"url":"https:\/\/www.italiaonline.it\/iol-advertising\/wp-content\/uploads\/sites\/9\/2025\/04\/PROGRAMMATIC.jpg","type":"image\/jpeg"}],"author":"vdirienzo","twitter_card":"summary_large_image","twitter_misc":{"Scritto da":"vdirienzo","Tempo di lettura stimato":"3 minuti"},"schema":{"@context":"https:\/\/schema.org","@graph":[{"@type":"Article","@id":"https:\/\/www.italiaonline.it\/iol-advertising\/2025\/04\/10\/l-importanza-strategica-dei-dati-per-italiaonline-al-programmatic-day\/#article","isPartOf":{"@id":"https:\/\/www.italiaonline.it\/iol-advertising\/2025\/04\/10\/l-importanza-strategica-dei-dati-per-italiaonline-al-programmatic-day\/"},"author":{"name":"vdirienzo","@id":"https:\/\/www.italiaonline.it\/iol-advertising\/#\/schema\/person\/a2fd61ee2263078ba7ccc20d74261880"},"headline":"L\u2019importanza strategica dei dati per Italiaonline al Programmatic Day","datePublished":"2025-04-10T08:21:05+00:00","mainEntityOfPage":{"@id":"https:\/\/www.italiaonline.it\/iol-advertising\/2025\/04\/10\/l-importanza-strategica-dei-dati-per-italiaonline-al-programmatic-day\/"},"wordCount":361,"image":{"@id":"https:\/\/www.italiaonline.it\/iol-advertising\/2025\/04\/10\/l-importanza-strategica-dei-dati-per-italiaonline-al-programmatic-day\/#primaryimage"},"thumbnailUrl":"https:\/\/www.italiaonline.it\/iol-advertising\/wp-content\/uploads\/sites\/9\/2025\/04\/PROGRAMMATIC.jpg","articleSection":["News"],"inLanguage":"it-IT"},{"@type":"WebPage","@id":"https:\/\/www.italiaonline.it\/iol-advertising\/2025\/04\/10\/l-importanza-strategica-dei-dati-per-italiaonline-al-programmatic-day\/","url":"https:\/\/www.italiaonline.it\/iol-advertising\/2025\/04\/10\/l-importanza-strategica-dei-dati-per-italiaonline-al-programmatic-day\/","name":"L\u2019importanza strategica dei dati per Italiaonline al Programmatic Day","isPartOf":{"@id":"https:\/\/www.italiaonline.it\/iol-advertising\/#website"},"primaryImageOfPage":{"@id":"https:\/\/www.italiaonline.it\/iol-advertising\/2025\/04\/10\/l-importanza-strategica-dei-dati-per-italiaonline-al-programmatic-day\/#primaryimage"},"image":{"@id":"https:\/\/www.italiaonline.it\/iol-advertising\/2025\/04\/10\/l-importanza-strategica-dei-dati-per-italiaonline-al-programmatic-day\/#primaryimage"},"thumbnailUrl":"https:\/\/www.italiaonline.it\/iol-advertising\/wp-content\/uploads\/sites\/9\/2025\/04\/PROGRAMMATIC.jpg","datePublished":"2025-04-10T08:21:05+00:00","author":{"@id":"https:\/\/www.italiaonline.it\/iol-advertising\/#\/schema\/person\/a2fd61ee2263078ba7ccc20d74261880"},"description":"Italiaonline al Programmatic Day: il valore strategico dei dati e dell'AI","breadcrumb":{"@id":"https:\/\/www.italiaonline.it\/iol-advertising\/2025\/04\/10\/l-importanza-strategica-dei-dati-per-italiaonline-al-programmatic-day\/#breadcrumb"},"inLanguage":"it-IT","potentialAction":[{"@type":"ReadAction","target":["https:\/\/www.italiaonline.it\/iol-advertising\/2025\/04\/10\/l-importanza-strategica-dei-dati-per-italiaonline-al-programmatic-day\/"]}]},{"@type":"ImageObject","inLanguage":"it-IT","@id":"https:\/\/www.italiaonline.it\/iol-advertising\/2025\/04\/10\/l-importanza-strategica-dei-dati-per-italiaonline-al-programmatic-day\/#primaryimage","url":"https:\/\/www.italiaonline.it\/iol-advertising\/wp-content\/uploads\/sites\/9\/2025\/04\/PROGRAMMATIC.jpg","contentUrl":"https:\/\/www.italiaonline.it\/iol-advertising\/wp-content\/uploads\/sites\/9\/2025\/04\/PROGRAMMATIC.jpg","width":600,"height":400},{"@type":"BreadcrumbList","@id":"https:\/\/www.italiaonline.it\/iol-advertising\/2025\/04\/10\/l-importanza-strategica-dei-dati-per-italiaonline-al-programmatic-day\/#breadcrumb","itemListElement":[{"@type":"ListItem","position":1,"name":"Home","item":"https:\/\/www.italiaonline.it\/iol-advertising\/"},{"@type":"ListItem","position":2,"name":"L\u2019importanza strategica dei dati per Italiaonline al Programmatic Day"}]},{"@type":"WebSite","@id":"https:\/\/www.italiaonline.it\/iol-advertising\/#website","url":"https:\/\/www.italiaonline.it\/iol-advertising\/","name":"iOL Advertising","description":"Sito iOL Advertising","potentialAction":[{"@type":"SearchAction","target":{"@type":"EntryPoint","urlTemplate":"https:\/\/www.italiaonline.it\/iol-advertising\/?s={search_term_string}"},"query-input":{"@type":"PropertyValueSpecification","valueRequired":true,"valueName":"search_term_string"}}],"inLanguage":"it-IT"},{"@type":"Person","@id":"https:\/\/www.italiaonline.it\/iol-advertising\/#\/schema\/person\/a2fd61ee2263078ba7ccc20d74261880","name":"vdirienzo","image":{"@type":"ImageObject","inLanguage":"it-IT","@id":"https:\/\/secure.gravatar.com\/avatar\/8df6672987e2f367179ed7f2883ae486c9f118def042dd9ece3e518cf928b6ea?s=96&d=blank&r=g","url":"https:\/\/secure.gravatar.com\/avatar\/8df6672987e2f367179ed7f2883ae486c9f118def042dd9ece3e518cf928b6ea?s=96&d=blank&r=g","contentUrl":"https:\/\/secure.gravatar.com\/avatar\/8df6672987e2f367179ed7f2883ae486c9f118def042dd9ece3e518cf928b6ea?s=96&d=blank&r=g","caption":"vdirienzo"}}]}},"acf":[],"_links":{"self":[{"href":"https:\/\/www.italiaonline.it\/iol-advertising\/wp-json\/wp\/v2\/posts\/34386","targetHints":{"allow":["GET"]}}],"collection":[{"href":"https:\/\/www.italiaonline.it\/iol-advertising\/wp-json\/wp\/v2\/posts"}],"about":[{"href":"https:\/\/www.italiaonline.it\/iol-advertising\/wp-json\/wp\/v2\/types\/post"}],"author":[{"embeddable":true,"href":"https:\/\/www.italiaonline.it\/iol-advertising\/wp-json\/wp\/v2\/users\/34"}],"replies":[{"embeddable":true,"href":"https:\/\/www.italiaonline.it\/iol-advertising\/wp-json\/wp\/v2\/comments?post=34386"}],"version-history":[{"count":1,"href":"https:\/\/www.italiaonline.it\/iol-advertising\/wp-json\/wp\/v2\/posts\/34386\/revisions"}],"predecessor-version":[{"id":34388,"href":"https:\/\/www.italiaonline.it\/iol-advertising\/wp-json\/wp\/v2\/posts\/34386\/revisions\/34388"}],"wp:featuredmedia":[{"embeddable":true,"href":"https:\/\/www.italiaonline.it\/iol-advertising\/wp-json\/wp\/v2\/media\/34387"}],"wp:attachment":[{"href":"https:\/\/www.italiaonline.it\/iol-advertising\/wp-json\/wp\/v2\/media?parent=34386"}],"wp:term":[{"taxonomy":"category","embeddable":true,"href":"https:\/\/www.italiaonline.it\/iol-advertising\/wp-json\/wp\/v2\/categories?post=34386"},{"taxonomy":"post_tag","embeddable":true,"href":"https:\/\/www.italiaonline.it\/iol-advertising\/wp-json\/wp\/v2\/tags?post=34386"}],"curies":[{"name":"wp","href":"https:\/\/api.w.org\/{rel}","templated":true}]}}