{"id":48262,"date":"2022-10-17T14:27:20","date_gmt":"2022-10-17T12:27:20","guid":{"rendered":"https:\/\/www.italiaonline.it\/corporate\/?p=48262\/"},"modified":"2022-10-17T14:27:20","modified_gmt":"2022-10-17T12:27:20","slug":"italiaonline-aggiunge-linkedin-nella-sua-offerta-social-per-pmi","status":"publish","type":"post","link":"https:\/\/www.italiaonline.it\/corporate\/2022\/10\/17\/italiaonline-aggiunge-linkedin-nella-sua-offerta-social-per-pmi\/","title":{"rendered":"Italiaonline aggiunge LinkedIn nella sua offerta social per PMI"},"content":{"rendered":"<p><a href=\"https:\/\/www.italiaonline.it\/\"><strong>Italiaonline<\/strong><\/a>, la pi\u00f9 grande internet company italiana, introduce <strong>LinkedIn<\/strong> nella propria offerta di <strong>social media management per le PMI<\/strong>, che prevede la produzione e gestione di piani editoriali sul pi\u00f9 importante social media professionale, secondo una strategia studiata sulle esigenze di ogni azienda. Si tratta di un altro importante tassello della <a href=\"https:\/\/www.italiaonline.it\/servizi\/social-media\/\"><strong>nuova offerta social<\/strong><\/a> di Italiaonline, che si conferma la pi\u00f9 ampia e completa in Italia per le piccole e medie imprese.<\/p>\n<p>Dai dati di una recente ricerca* le PMI italiane dichiarano di aver investito nel mercato dei social media, nel 2021, un valore di 362 milioni di euro, con una crescita del +7% rispetto all\u2019anno precedente. Quasi 1 impresa su 4 tra quelle che possiedono un canale social, ha investito su questo mezzo nel 2021. Per la maggior parte gli investimenti sono stati finalizzati alla pubblicit\u00e0 sui social (74%), mentre il 44% \u00e8 per la creazione\/gestione dei profili.<\/p>\n<p>L\u2019offerta LinkedIn di Italiaonline soddisfa <strong>un&#8217;esigenza espressa dalle stesse imprese<\/strong> clienti, una buona percentuale delle quali \u00e8 costituita da imprese B2B, quindi in pieno target LinkedIn. Per la internet company \u00e8 la prima offerta social media <strong>rivolta al B2B<\/strong>, e nasce dalla consolidata esperienza nella gestione di piani editoriali sui social media maturata negli anni.<\/p>\n<p>Dalla creazione della <strong>Company page<\/strong> alla produzione e pubblicazione dei <strong>post<\/strong> e alla loro sponsorizzazione, l\u2019offerta Linkedin di Italiaonline ha l\u2019obiettivo di portare la PMI a <strong>generare awareness<\/strong> tra i professionisti e a <strong>creare sinergie<\/strong> di business.<\/p>\n<p>\u201cL\u2019offerta Social Media di Italiaonline \u00e8 cresciuta nel corso di quest\u2019anno, ampliando la possibilit\u00e0 di gestione dei canali social per i nostri clienti. &#8211; dichiara <strong>Antonella Fanuzzi<\/strong>, Chief Web And Business Solutions Officer di Italiaonline &#8211; Dopo Youtube e TikTok, la nostra gamma di prodotto si arricchisce con l\u2019offerta specifica per LinkedIn, aprendo cos\u00ec le opportunit\u00e0 al mondo del B2B e professionisti di comunicare al meglio con il pubblico di riferimento, sul canale social pi\u00f9 utilizzato dai professionisti. Da oggi oltre a creare e gestire campagne pubblicitarie su LinkedIn aggiungiamo anche la componente della comunicazione editoriale e organica. Quindi possiamo prendere in gestione le pagine dei clienti &#8211; o le creiamo ex novo nel caso non siano ancora attivate. La sinergia con la parte pubblicitaria \u00e8 fondamentale, e per questo abbiamo lavorato per integrare al meglio i due elementi: ad esempio, nei pacchetti relativi al piano editoriale sono incluse anche delle piccole quote di pubblicit\u00e0 per sponsorizzare i post creati, spingendo cos\u00ec i contenuti che i clienti ritengono pi\u00f9 strategici oppure legati alla stagionalit\u00e0 del loro business\u201d.<\/p>\n<p><strong>Moreno Ferrario, <\/strong>Head of Sales LinkedIn Italia commenta: \u201cda quasi 20 anni Linkedin \u00e8 il social network di riferimento dei professionisti nel mondo ed \u00e8 al servizio dei propri clienti per supportarli in attivit\u00e0 di pianificazione, comunicazione aziendale e sviluppo delle risorse umane. \u00c8 con orgoglio ed entusiasmo che accogliamo la comunicazione di Italiaonline e la loro scelta di arricchire i loro canali aggiungendo Linkedin. Saremo felici di collaborare e di celebrare insieme i futuri brillanti risultati raggiunti\u201d<\/p>\n<p>&nbsp;<\/p>\n<p>* Fonte: Indagine Italiaonline sulla digitalizzazione delle PMI in Italia e sugli investimenti in \u201cPresenza e nella Comunicazione digitale\u201d nel triennio 2019-2021.<\/p>\n<p>&nbsp;<\/p>\n","protected":false},"excerpt":{"rendered":"<p>Italiaonline, la pi\u00f9 grande internet company italiana, introduce LinkedIn nella propria offerta di social media&#8230;<\/p>\n","protected":false},"author":3,"featured_media":48263,"comment_status":"closed","ping_status":"open","sticky":false,"template":"","format":"standard","meta":{"inline_featured_image":false,"footnotes":""},"categories":[14],"tags":[46,169,391,392,245],"class_list":["post-48262","post","type-post","status-publish","format-standard","has-post-thumbnail","hentry","category-press-area","tag-antonella-fanuzzi","tag-italiaonline-en","tag-linkedin","tag-moreno-ferrario","tag-pmi"],"yoast_head":"<!-- This site is optimized with the Yoast SEO plugin v27.4 - https:\/\/yoast.com\/product\/yoast-seo-wordpress\/ -->\n<title>Italiaonline aggiunge LinkedIn nella sua offerta social per PMI - Corporate<\/title>\n<meta name=\"robots\" content=\"index, follow, max-snippet:-1, max-image-preview:large, max-video-preview:-1\" \/>\n<link rel=\"canonical\" href=\"https:\/\/www.italiaonline.it\/corporate\/2022\/10\/17\/italiaonline-aggiunge-linkedin-nella-sua-offerta-social-per-pmi\/\" \/>\n<meta property=\"og:locale\" content=\"it_IT\" \/>\n<meta property=\"og:type\" content=\"article\" \/>\n<meta property=\"og:title\" content=\"Italiaonline aggiunge LinkedIn nella sua offerta social per PMI - Corporate\" \/>\n<meta property=\"og:description\" content=\"Italiaonline, la pi\u00f9 grande internet company italiana, introduce LinkedIn nella propria offerta di social media...\" \/>\n<meta property=\"og:url\" content=\"https:\/\/www.italiaonline.it\/corporate\/2022\/10\/17\/italiaonline-aggiunge-linkedin-nella-sua-offerta-social-per-pmi\/\" \/>\n<meta property=\"og:site_name\" content=\"Corporate\" \/>\n<meta property=\"article:published_time\" content=\"2022-10-17T12:27:20+00:00\" \/>\n<meta property=\"og:image\" content=\"https:\/\/www.italiaonline.it\/corporate\/wp-content\/uploads\/sites\/10\/2022\/10\/fanuzzi_sito.png\" \/>\n\t<meta property=\"og:image:width\" content=\"630\" \/>\n\t<meta property=\"og:image:height\" content=\"375\" \/>\n\t<meta property=\"og:image:type\" content=\"image\/png\" \/>\n<meta name=\"author\" content=\"Davide Valenti\" \/>\n<meta name=\"twitter:card\" content=\"summary_large_image\" \/>\n<meta name=\"twitter:label1\" content=\"Scritto da\" \/>\n\t<meta name=\"twitter:data1\" content=\"Davide Valenti\" \/>\n\t<meta name=\"twitter:label2\" content=\"Tempo di lettura stimato\" \/>\n\t<meta name=\"twitter:data2\" content=\"3 minuti\" \/>\n<script type=\"application\/ld+json\" class=\"yoast-schema-graph\">{\"@context\":\"https:\\\/\\\/schema.org\",\"@graph\":[{\"@type\":\"Article\",\"@id\":\"https:\\\/\\\/www.italiaonline.it\\\/corporate\\\/2022\\\/10\\\/17\\\/italiaonline-aggiunge-linkedin-nella-sua-offerta-social-per-pmi\\\/#article\",\"isPartOf\":{\"@id\":\"https:\\\/\\\/www.italiaonline.it\\\/corporate\\\/2022\\\/10\\\/17\\\/italiaonline-aggiunge-linkedin-nella-sua-offerta-social-per-pmi\\\/\"},\"author\":{\"name\":\"Davide Valenti\",\"@id\":\"https:\\\/\\\/www.italiaonline.it\\\/corporate\\\/#\\\/schema\\\/person\\\/cac3c0c70fbcd9b152b6eeaad1f6f8fa\"},\"headline\":\"Italiaonline aggiunge LinkedIn nella sua offerta social per PMI\",\"datePublished\":\"2022-10-17T12:27:20+00:00\",\"mainEntityOfPage\":{\"@id\":\"https:\\\/\\\/www.italiaonline.it\\\/corporate\\\/2022\\\/10\\\/17\\\/italiaonline-aggiunge-linkedin-nella-sua-offerta-social-per-pmi\\\/\"},\"wordCount\":523,\"image\":{\"@id\":\"https:\\\/\\\/www.italiaonline.it\\\/corporate\\\/2022\\\/10\\\/17\\\/italiaonline-aggiunge-linkedin-nella-sua-offerta-social-per-pmi\\\/#primaryimage\"},\"thumbnailUrl\":\"https:\\\/\\\/www.italiaonline.it\\\/corporate\\\/wp-content\\\/uploads\\\/sites\\\/10\\\/2022\\\/10\\\/fanuzzi_sito.png\",\"keywords\":[\"antonella fanuzzi\",\"italiaonline\",\"linkedin\",\"moreno ferrario\",\"pmi\"],\"articleSection\":[\"Notizie\"],\"inLanguage\":\"it-IT\"},{\"@type\":\"WebPage\",\"@id\":\"https:\\\/\\\/www.italiaonline.it\\\/corporate\\\/2022\\\/10\\\/17\\\/italiaonline-aggiunge-linkedin-nella-sua-offerta-social-per-pmi\\\/\",\"url\":\"https:\\\/\\\/www.italiaonline.it\\\/corporate\\\/2022\\\/10\\\/17\\\/italiaonline-aggiunge-linkedin-nella-sua-offerta-social-per-pmi\\\/\",\"name\":\"Italiaonline aggiunge LinkedIn nella sua offerta social per PMI - Corporate\",\"isPartOf\":{\"@id\":\"https:\\\/\\\/www.italiaonline.it\\\/corporate\\\/#website\"},\"primaryImageOfPage\":{\"@id\":\"https:\\\/\\\/www.italiaonline.it\\\/corporate\\\/2022\\\/10\\\/17\\\/italiaonline-aggiunge-linkedin-nella-sua-offerta-social-per-pmi\\\/#primaryimage\"},\"image\":{\"@id\":\"https:\\\/\\\/www.italiaonline.it\\\/corporate\\\/2022\\\/10\\\/17\\\/italiaonline-aggiunge-linkedin-nella-sua-offerta-social-per-pmi\\\/#primaryimage\"},\"thumbnailUrl\":\"https:\\\/\\\/www.italiaonline.it\\\/corporate\\\/wp-content\\\/uploads\\\/sites\\\/10\\\/2022\\\/10\\\/fanuzzi_sito.png\",\"datePublished\":\"2022-10-17T12:27:20+00:00\",\"author\":{\"@id\":\"https:\\\/\\\/www.italiaonline.it\\\/corporate\\\/#\\\/schema\\\/person\\\/cac3c0c70fbcd9b152b6eeaad1f6f8fa\"},\"breadcrumb\":{\"@id\":\"https:\\\/\\\/www.italiaonline.it\\\/corporate\\\/2022\\\/10\\\/17\\\/italiaonline-aggiunge-linkedin-nella-sua-offerta-social-per-pmi\\\/#breadcrumb\"},\"inLanguage\":\"it-IT\",\"potentialAction\":[{\"@type\":\"ReadAction\",\"target\":[\"https:\\\/\\\/www.italiaonline.it\\\/corporate\\\/2022\\\/10\\\/17\\\/italiaonline-aggiunge-linkedin-nella-sua-offerta-social-per-pmi\\\/\"]}]},{\"@type\":\"ImageObject\",\"inLanguage\":\"it-IT\",\"@id\":\"https:\\\/\\\/www.italiaonline.it\\\/corporate\\\/2022\\\/10\\\/17\\\/italiaonline-aggiunge-linkedin-nella-sua-offerta-social-per-pmi\\\/#primaryimage\",\"url\":\"https:\\\/\\\/www.italiaonline.it\\\/corporate\\\/wp-content\\\/uploads\\\/sites\\\/10\\\/2022\\\/10\\\/fanuzzi_sito.png\",\"contentUrl\":\"https:\\\/\\\/www.italiaonline.it\\\/corporate\\\/wp-content\\\/uploads\\\/sites\\\/10\\\/2022\\\/10\\\/fanuzzi_sito.png\",\"width\":630,\"height\":375},{\"@type\":\"BreadcrumbList\",\"@id\":\"https:\\\/\\\/www.italiaonline.it\\\/corporate\\\/2022\\\/10\\\/17\\\/italiaonline-aggiunge-linkedin-nella-sua-offerta-social-per-pmi\\\/#breadcrumb\",\"itemListElement\":[{\"@type\":\"ListItem\",\"position\":1,\"name\":\"Home\",\"item\":\"https:\\\/\\\/www.italiaonline.it\\\/corporate\\\/\"},{\"@type\":\"ListItem\",\"position\":2,\"name\":\"Italiaonline aggiunge LinkedIn nella sua offerta social per PMI\"}]},{\"@type\":\"WebSite\",\"@id\":\"https:\\\/\\\/www.italiaonline.it\\\/corporate\\\/#website\",\"url\":\"https:\\\/\\\/www.italiaonline.it\\\/corporate\\\/\",\"name\":\"Corporate\",\"description\":\"Ecco un altro sito Network Corporate siti\",\"potentialAction\":[{\"@type\":\"SearchAction\",\"target\":{\"@type\":\"EntryPoint\",\"urlTemplate\":\"https:\\\/\\\/www.italiaonline.it\\\/corporate\\\/?s={search_term_string}\"},\"query-input\":{\"@type\":\"PropertyValueSpecification\",\"valueRequired\":true,\"valueName\":\"search_term_string\"}}],\"inLanguage\":\"it-IT\"},{\"@type\":\"Person\",\"@id\":\"https:\\\/\\\/www.italiaonline.it\\\/corporate\\\/#\\\/schema\\\/person\\\/cac3c0c70fbcd9b152b6eeaad1f6f8fa\",\"name\":\"Davide Valenti\",\"image\":{\"@type\":\"ImageObject\",\"inLanguage\":\"it-IT\",\"@id\":\"https:\\\/\\\/secure.gravatar.com\\\/avatar\\\/cd8ad167a384429015e0118b45cd74b8fce9a411dc50b568071af3d667013144?s=96&d=mm&r=g\",\"url\":\"https:\\\/\\\/secure.gravatar.com\\\/avatar\\\/cd8ad167a384429015e0118b45cd74b8fce9a411dc50b568071af3d667013144?s=96&d=mm&r=g\",\"contentUrl\":\"https:\\\/\\\/secure.gravatar.com\\\/avatar\\\/cd8ad167a384429015e0118b45cd74b8fce9a411dc50b568071af3d667013144?s=96&d=mm&r=g\",\"caption\":\"Davide Valenti\"},\"url\":\"https:\\\/\\\/www.italiaonline.it\\\/corporate\\\/author\\\/dvalenti\\\/\"}]}<\/script>\n<!-- \/ Yoast SEO plugin. -->","yoast_head_json":{"title":"Italiaonline aggiunge LinkedIn nella sua offerta social per PMI - Corporate","robots":{"index":"index","follow":"follow","max-snippet":"max-snippet:-1","max-image-preview":"max-image-preview:large","max-video-preview":"max-video-preview:-1"},"canonical":"https:\/\/www.italiaonline.it\/corporate\/2022\/10\/17\/italiaonline-aggiunge-linkedin-nella-sua-offerta-social-per-pmi\/","og_locale":"it_IT","og_type":"article","og_title":"Italiaonline aggiunge LinkedIn nella sua offerta social per PMI - Corporate","og_description":"Italiaonline, la pi\u00f9 grande internet company italiana, introduce LinkedIn nella propria offerta di social media...","og_url":"https:\/\/www.italiaonline.it\/corporate\/2022\/10\/17\/italiaonline-aggiunge-linkedin-nella-sua-offerta-social-per-pmi\/","og_site_name":"Corporate","article_published_time":"2022-10-17T12:27:20+00:00","og_image":[{"width":630,"height":375,"url":"https:\/\/www.italiaonline.it\/corporate\/wp-content\/uploads\/sites\/10\/2022\/10\/fanuzzi_sito.png","type":"image\/png"}],"author":"Davide Valenti","twitter_card":"summary_large_image","twitter_misc":{"Scritto da":"Davide Valenti","Tempo di lettura stimato":"3 minuti"},"schema":{"@context":"https:\/\/schema.org","@graph":[{"@type":"Article","@id":"https:\/\/www.italiaonline.it\/corporate\/2022\/10\/17\/italiaonline-aggiunge-linkedin-nella-sua-offerta-social-per-pmi\/#article","isPartOf":{"@id":"https:\/\/www.italiaonline.it\/corporate\/2022\/10\/17\/italiaonline-aggiunge-linkedin-nella-sua-offerta-social-per-pmi\/"},"author":{"name":"Davide Valenti","@id":"https:\/\/www.italiaonline.it\/corporate\/#\/schema\/person\/cac3c0c70fbcd9b152b6eeaad1f6f8fa"},"headline":"Italiaonline aggiunge LinkedIn nella sua offerta social per PMI","datePublished":"2022-10-17T12:27:20+00:00","mainEntityOfPage":{"@id":"https:\/\/www.italiaonline.it\/corporate\/2022\/10\/17\/italiaonline-aggiunge-linkedin-nella-sua-offerta-social-per-pmi\/"},"wordCount":523,"image":{"@id":"https:\/\/www.italiaonline.it\/corporate\/2022\/10\/17\/italiaonline-aggiunge-linkedin-nella-sua-offerta-social-per-pmi\/#primaryimage"},"thumbnailUrl":"https:\/\/www.italiaonline.it\/corporate\/wp-content\/uploads\/sites\/10\/2022\/10\/fanuzzi_sito.png","keywords":["antonella fanuzzi","italiaonline","linkedin","moreno ferrario","pmi"],"articleSection":["Notizie"],"inLanguage":"it-IT"},{"@type":"WebPage","@id":"https:\/\/www.italiaonline.it\/corporate\/2022\/10\/17\/italiaonline-aggiunge-linkedin-nella-sua-offerta-social-per-pmi\/","url":"https:\/\/www.italiaonline.it\/corporate\/2022\/10\/17\/italiaonline-aggiunge-linkedin-nella-sua-offerta-social-per-pmi\/","name":"Italiaonline aggiunge LinkedIn nella sua offerta social per PMI - Corporate","isPartOf":{"@id":"https:\/\/www.italiaonline.it\/corporate\/#website"},"primaryImageOfPage":{"@id":"https:\/\/www.italiaonline.it\/corporate\/2022\/10\/17\/italiaonline-aggiunge-linkedin-nella-sua-offerta-social-per-pmi\/#primaryimage"},"image":{"@id":"https:\/\/www.italiaonline.it\/corporate\/2022\/10\/17\/italiaonline-aggiunge-linkedin-nella-sua-offerta-social-per-pmi\/#primaryimage"},"thumbnailUrl":"https:\/\/www.italiaonline.it\/corporate\/wp-content\/uploads\/sites\/10\/2022\/10\/fanuzzi_sito.png","datePublished":"2022-10-17T12:27:20+00:00","author":{"@id":"https:\/\/www.italiaonline.it\/corporate\/#\/schema\/person\/cac3c0c70fbcd9b152b6eeaad1f6f8fa"},"breadcrumb":{"@id":"https:\/\/www.italiaonline.it\/corporate\/2022\/10\/17\/italiaonline-aggiunge-linkedin-nella-sua-offerta-social-per-pmi\/#breadcrumb"},"inLanguage":"it-IT","potentialAction":[{"@type":"ReadAction","target":["https:\/\/www.italiaonline.it\/corporate\/2022\/10\/17\/italiaonline-aggiunge-linkedin-nella-sua-offerta-social-per-pmi\/"]}]},{"@type":"ImageObject","inLanguage":"it-IT","@id":"https:\/\/www.italiaonline.it\/corporate\/2022\/10\/17\/italiaonline-aggiunge-linkedin-nella-sua-offerta-social-per-pmi\/#primaryimage","url":"https:\/\/www.italiaonline.it\/corporate\/wp-content\/uploads\/sites\/10\/2022\/10\/fanuzzi_sito.png","contentUrl":"https:\/\/www.italiaonline.it\/corporate\/wp-content\/uploads\/sites\/10\/2022\/10\/fanuzzi_sito.png","width":630,"height":375},{"@type":"BreadcrumbList","@id":"https:\/\/www.italiaonline.it\/corporate\/2022\/10\/17\/italiaonline-aggiunge-linkedin-nella-sua-offerta-social-per-pmi\/#breadcrumb","itemListElement":[{"@type":"ListItem","position":1,"name":"Home","item":"https:\/\/www.italiaonline.it\/corporate\/"},{"@type":"ListItem","position":2,"name":"Italiaonline aggiunge LinkedIn nella sua offerta social per PMI"}]},{"@type":"WebSite","@id":"https:\/\/www.italiaonline.it\/corporate\/#website","url":"https:\/\/www.italiaonline.it\/corporate\/","name":"Corporate","description":"Ecco un altro sito Network Corporate siti","potentialAction":[{"@type":"SearchAction","target":{"@type":"EntryPoint","urlTemplate":"https:\/\/www.italiaonline.it\/corporate\/?s={search_term_string}"},"query-input":{"@type":"PropertyValueSpecification","valueRequired":true,"valueName":"search_term_string"}}],"inLanguage":"it-IT"},{"@type":"Person","@id":"https:\/\/www.italiaonline.it\/corporate\/#\/schema\/person\/cac3c0c70fbcd9b152b6eeaad1f6f8fa","name":"Davide Valenti","image":{"@type":"ImageObject","inLanguage":"it-IT","@id":"https:\/\/secure.gravatar.com\/avatar\/cd8ad167a384429015e0118b45cd74b8fce9a411dc50b568071af3d667013144?s=96&d=mm&r=g","url":"https:\/\/secure.gravatar.com\/avatar\/cd8ad167a384429015e0118b45cd74b8fce9a411dc50b568071af3d667013144?s=96&d=mm&r=g","contentUrl":"https:\/\/secure.gravatar.com\/avatar\/cd8ad167a384429015e0118b45cd74b8fce9a411dc50b568071af3d667013144?s=96&d=mm&r=g","caption":"Davide Valenti"},"url":"https:\/\/www.italiaonline.it\/corporate\/author\/dvalenti\/"}]}},"_links":{"self":[{"href":"https:\/\/www.italiaonline.it\/corporate\/wp-json\/wp\/v2\/posts\/48262","targetHints":{"allow":["GET"]}}],"collection":[{"href":"https:\/\/www.italiaonline.it\/corporate\/wp-json\/wp\/v2\/posts"}],"about":[{"href":"https:\/\/www.italiaonline.it\/corporate\/wp-json\/wp\/v2\/types\/post"}],"author":[{"embeddable":true,"href":"https:\/\/www.italiaonline.it\/corporate\/wp-json\/wp\/v2\/users\/3"}],"replies":[{"embeddable":true,"href":"https:\/\/www.italiaonline.it\/corporate\/wp-json\/wp\/v2\/comments?post=48262"}],"version-history":[{"count":1,"href":"https:\/\/www.italiaonline.it\/corporate\/wp-json\/wp\/v2\/posts\/48262\/revisions"}],"predecessor-version":[{"id":48264,"href":"https:\/\/www.italiaonline.it\/corporate\/wp-json\/wp\/v2\/posts\/48262\/revisions\/48264"}],"wp:featuredmedia":[{"embeddable":true,"href":"https:\/\/www.italiaonline.it\/corporate\/wp-json\/wp\/v2\/media\/48263"}],"wp:attachment":[{"href":"https:\/\/www.italiaonline.it\/corporate\/wp-json\/wp\/v2\/media?parent=48262"}],"wp:term":[{"taxonomy":"category","embeddable":true,"href":"https:\/\/www.italiaonline.it\/corporate\/wp-json\/wp\/v2\/categories?post=48262"},{"taxonomy":"post_tag","embeddable":true,"href":"https:\/\/www.italiaonline.it\/corporate\/wp-json\/wp\/v2\/tags?post=48262"}],"curies":[{"name":"wp","href":"https:\/\/api.w.org\/{rel}","templated":true}]}}