{"id":10178,"date":"2015-11-24T17:54:05","date_gmt":"2015-11-24T16:54:05","guid":{"rendered":"http:\/\/www.italiaonline.it\/?p=10178"},"modified":"2022-10-06T10:32:48","modified_gmt":"2022-10-06T08:32:48","slug":"ventanni-di-libero-il-portale-lancia-la-nuova-home-page","status":"publish","type":"post","link":"https:\/\/www.italiaonline.it\/corporate\/2015\/11\/24\/ventanni-di-libero-il-portale-lancia-la-nuova-home-page\/","title":{"rendered":"VENT&#8217;ANNI DI LIBERO, IL PORTALE LANCIA LA NUOVA HOME PAGE"},"content":{"rendered":"<p><strong>Italiaonline<\/strong>, la prima internet company italiana, prosegue nel rinnovamento delle sue web properties e lancia la <strong>nuova home page<\/strong> di <a href=\"https:\/\/www.libero.it\/\" target=\"_blank\" rel=\"noopener noreferrer\"><strong>Libero.it<\/strong><\/a>, il portale che ha accompagnato per primo gli italiani in Rete coniugando da vent\u2019anni servizi internet e contenuti che continuano ad essere apprezzati da una vastissima audience. Oggi Libero totalizza circa 2 miliardi di pagine viste al mese * e la sua home page \u00e8 il principale punto d\u2019accesso della Libero mail, che conta 8,3 milioni di account attivi **.<\/p>\n<p>L\u2019home page di Libero ci ha abituati in tutti questi anni a cambiamenti di look e concettuali, che fanno parte della storia del web italiano. E anche questa nuova pagina, rispetto alla versione precedente \u2013 in carica da fine 2013 con successive release \u2013 rappresenta un cambio significativo alla vista dell\u2019utente: sfondo bianco, testi brevi e spaziati e una user interface che passa da un raggruppamento di tipo orizzontale a uno verticale, in un\u2019ottica di massima semplicit\u00e0 nella navigazione. Non quindi una semplice rivisitazione, ma un progetto al passo con i trend del periodo, per continuare ad essere un portale all\u2019avanguardia.<\/p>\n<p>Lo slider centrale che ospita le notizie principali \u00e8 a 20 posizioni, navigabili sia sfiorando il singolo strillo che scorrendo il carrello che visualizza le notizie a gruppi di cinque. Sotto lo slider, le notizie sono raggruppate verticalmente per aree tematiche, il cui ordine \u00e8 in base alle preferenze dell\u2019utente, in modo da favorirlo nella ricerca dei contenuti pi\u00f9 graditi. In spalla sinistra, la nuova home page di Libero ospita un menu leggero composto dai principali servizi e portali verticali.<\/p>\n<p>Molte novit\u00e0 grafiche e di organizzazione della pagina in spalla destra, tra le quali, nell\u2019ordine: il box Servizi, dalla Libero Mail alla Community e ai Blog, composto da una griglia a sei posizioni e un frame a tre, tutti caratterizzati da icone; l\u2019area dedicata alla propria citt\u00e0, con i servizi e contenuti che puntano alla nuova area local di Virgilio.it; il widget Finanza, con le quotazioni di borsa e i servizi del verticale QuiFinanza come ad esempio il cambia valute e il calcolo della pensione; il box dedicato agli esperti che scrivono per alcuni dei portali verticali di Italiaonline. Altra novit\u00e0 della pagina \u00e8 un modulo orizzontale dedicato al mondo del food con tre strilli inerenti i contenuti dei portali FoodInItaly e CiboDiStrada e del partner Buonissimo.org.<\/p>\n<p>Come per le precedenti rivisitazioni delle web properties di Italiaonline, anche la nuova home page Libero \u00e8 totalmente responsiva, per consentire la migliore user experience agli utenti con qualunque device con cui si naviga: un ulteriore asso nella manica di un portale con una tradizione di progetti custom di campagne advertising ad alto impatto, studiate dal team di Italiaonline insieme ai clienti.<\/p>\n<p>\u201cLibero ha sempre anticipato le tendenze in Rete esprimendole con le sue home page\u201d, ha dichiarato <strong>Antonio Converti<\/strong>, CEO di Italiaonline. \u201cOggi, in un mercato pi\u00f9 maturo dove gli utenti vogliono trovare con un colpo d\u2019occhio ci\u00f2 che cercano, la nuova pagina \u00e8 una vetrina chiara ed efficace di tutto ci\u00f2 che il Gruppo offre in termini di contenuti e servizi. La stessa chiarezza ed efficacia che vogliamo dare agli inserzionisti che continuano a premiarci e a cui offriamo un\u2019audience di qualit\u00e0 e quantit\u00e0\u201d.<\/p>\n<p>* Dati Audiweb View, powered by Nielsen, media 1H 2015,TDA<br \/>\n** Dati interni, media 1H 2015,TDA<\/p>\n","protected":false},"excerpt":{"rendered":"<p>Italiaonline, la prima internet company italiana, prosegue nel rinnovamento delle sue web properties e lancia&#8230;<\/p>\n","protected":false},"author":2,"featured_media":10179,"comment_status":"closed","ping_status":"closed","sticky":false,"template":"","format":"standard","meta":{"inline_featured_image":false,"footnotes":""},"categories":[14],"tags":[169,170,182,183],"class_list":["post-10178","post","type-post","status-publish","format-standard","has-post-thumbnail","hentry","category-press-area","tag-italiaonline-en","tag-italiaonline-it","tag-libero","tag-libero-it"],"yoast_head":"<!-- This site is optimized with the Yoast SEO plugin v27.4 - https:\/\/yoast.com\/product\/yoast-seo-wordpress\/ -->\n<title>VENT&#039;ANNI DI LIBERO, IL PORTALE LANCIA LA NUOVA HOME PAGE - Corporate<\/title>\n<meta name=\"robots\" content=\"index, follow, max-snippet:-1, max-image-preview:large, max-video-preview:-1\" \/>\n<link rel=\"canonical\" href=\"https:\/\/www.italiaonline.it\/corporate\/2015\/11\/24\/ventanni-di-libero-il-portale-lancia-la-nuova-home-page\/\" \/>\n<meta property=\"og:locale\" content=\"it_IT\" \/>\n<meta property=\"og:type\" content=\"article\" \/>\n<meta property=\"og:title\" content=\"VENT&#039;ANNI DI LIBERO, IL PORTALE LANCIA LA NUOVA HOME PAGE - Corporate\" \/>\n<meta property=\"og:description\" content=\"Italiaonline, la prima internet company italiana, prosegue nel rinnovamento delle sue web properties e lancia...\" \/>\n<meta property=\"og:url\" content=\"https:\/\/www.italiaonline.it\/corporate\/2015\/11\/24\/ventanni-di-libero-il-portale-lancia-la-nuova-home-page\/\" \/>\n<meta property=\"og:site_name\" content=\"Corporate\" \/>\n<meta property=\"article:published_time\" content=\"2015-11-24T16:54:05+00:00\" \/>\n<meta property=\"article:modified_time\" content=\"2022-10-06T08:32:48+00:00\" \/>\n<meta property=\"og:image\" content=\"https:\/\/www.italiaonline.it\/corporate\/wp-content\/uploads\/sites\/10\/2015\/11\/liberohp-new-4.png\" \/>\n\t<meta property=\"og:image:width\" content=\"550\" \/>\n\t<meta property=\"og:image:height\" content=\"392\" \/>\n\t<meta property=\"og:image:type\" content=\"image\/png\" \/>\n<meta name=\"author\" content=\"iolmanage\" \/>\n<meta name=\"twitter:card\" content=\"summary_large_image\" \/>\n<meta name=\"twitter:label1\" content=\"Scritto da\" \/>\n\t<meta name=\"twitter:data1\" content=\"iolmanage\" \/>\n\t<meta name=\"twitter:label2\" content=\"Tempo di lettura stimato\" \/>\n\t<meta name=\"twitter:data2\" content=\"3 minuti\" \/>\n<script type=\"application\/ld+json\" class=\"yoast-schema-graph\">{\"@context\":\"https:\\\/\\\/schema.org\",\"@graph\":[{\"@type\":\"Article\",\"@id\":\"https:\\\/\\\/www.italiaonline.it\\\/corporate\\\/2015\\\/11\\\/24\\\/ventanni-di-libero-il-portale-lancia-la-nuova-home-page\\\/#article\",\"isPartOf\":{\"@id\":\"https:\\\/\\\/www.italiaonline.it\\\/corporate\\\/2015\\\/11\\\/24\\\/ventanni-di-libero-il-portale-lancia-la-nuova-home-page\\\/\"},\"author\":{\"name\":\"iolmanage\",\"@id\":\"https:\\\/\\\/www.italiaonline.it\\\/corporate\\\/#\\\/schema\\\/person\\\/20c7086fc9c4058dcc4b6eb708720bac\"},\"headline\":\"VENT&#8217;ANNI DI LIBERO, IL PORTALE LANCIA LA NUOVA HOME PAGE\",\"datePublished\":\"2015-11-24T16:54:05+00:00\",\"dateModified\":\"2022-10-06T08:32:48+00:00\",\"mainEntityOfPage\":{\"@id\":\"https:\\\/\\\/www.italiaonline.it\\\/corporate\\\/2015\\\/11\\\/24\\\/ventanni-di-libero-il-portale-lancia-la-nuova-home-page\\\/\"},\"wordCount\":560,\"image\":{\"@id\":\"https:\\\/\\\/www.italiaonline.it\\\/corporate\\\/2015\\\/11\\\/24\\\/ventanni-di-libero-il-portale-lancia-la-nuova-home-page\\\/#primaryimage\"},\"thumbnailUrl\":\"https:\\\/\\\/www.italiaonline.it\\\/corporate\\\/wp-content\\\/uploads\\\/sites\\\/10\\\/2015\\\/11\\\/liberohp-new-4.png\",\"keywords\":[\"italiaonline\",\"italiaonline @it\",\"libero\",\"libero @it\"],\"articleSection\":[\"Notizie\"],\"inLanguage\":\"it-IT\"},{\"@type\":\"WebPage\",\"@id\":\"https:\\\/\\\/www.italiaonline.it\\\/corporate\\\/2015\\\/11\\\/24\\\/ventanni-di-libero-il-portale-lancia-la-nuova-home-page\\\/\",\"url\":\"https:\\\/\\\/www.italiaonline.it\\\/corporate\\\/2015\\\/11\\\/24\\\/ventanni-di-libero-il-portale-lancia-la-nuova-home-page\\\/\",\"name\":\"VENT'ANNI DI LIBERO, IL PORTALE LANCIA LA NUOVA HOME PAGE - Corporate\",\"isPartOf\":{\"@id\":\"https:\\\/\\\/www.italiaonline.it\\\/corporate\\\/#website\"},\"primaryImageOfPage\":{\"@id\":\"https:\\\/\\\/www.italiaonline.it\\\/corporate\\\/2015\\\/11\\\/24\\\/ventanni-di-libero-il-portale-lancia-la-nuova-home-page\\\/#primaryimage\"},\"image\":{\"@id\":\"https:\\\/\\\/www.italiaonline.it\\\/corporate\\\/2015\\\/11\\\/24\\\/ventanni-di-libero-il-portale-lancia-la-nuova-home-page\\\/#primaryimage\"},\"thumbnailUrl\":\"https:\\\/\\\/www.italiaonline.it\\\/corporate\\\/wp-content\\\/uploads\\\/sites\\\/10\\\/2015\\\/11\\\/liberohp-new-4.png\",\"datePublished\":\"2015-11-24T16:54:05+00:00\",\"dateModified\":\"2022-10-06T08:32:48+00:00\",\"author\":{\"@id\":\"https:\\\/\\\/www.italiaonline.it\\\/corporate\\\/#\\\/schema\\\/person\\\/20c7086fc9c4058dcc4b6eb708720bac\"},\"breadcrumb\":{\"@id\":\"https:\\\/\\\/www.italiaonline.it\\\/corporate\\\/2015\\\/11\\\/24\\\/ventanni-di-libero-il-portale-lancia-la-nuova-home-page\\\/#breadcrumb\"},\"inLanguage\":\"it-IT\",\"potentialAction\":[{\"@type\":\"ReadAction\",\"target\":[\"https:\\\/\\\/www.italiaonline.it\\\/corporate\\\/2015\\\/11\\\/24\\\/ventanni-di-libero-il-portale-lancia-la-nuova-home-page\\\/\"]}]},{\"@type\":\"ImageObject\",\"inLanguage\":\"it-IT\",\"@id\":\"https:\\\/\\\/www.italiaonline.it\\\/corporate\\\/2015\\\/11\\\/24\\\/ventanni-di-libero-il-portale-lancia-la-nuova-home-page\\\/#primaryimage\",\"url\":\"https:\\\/\\\/www.italiaonline.it\\\/corporate\\\/wp-content\\\/uploads\\\/sites\\\/10\\\/2015\\\/11\\\/liberohp-new-4.png\",\"contentUrl\":\"https:\\\/\\\/www.italiaonline.it\\\/corporate\\\/wp-content\\\/uploads\\\/sites\\\/10\\\/2015\\\/11\\\/liberohp-new-4.png\",\"width\":550,\"height\":392},{\"@type\":\"BreadcrumbList\",\"@id\":\"https:\\\/\\\/www.italiaonline.it\\\/corporate\\\/2015\\\/11\\\/24\\\/ventanni-di-libero-il-portale-lancia-la-nuova-home-page\\\/#breadcrumb\",\"itemListElement\":[{\"@type\":\"ListItem\",\"position\":1,\"name\":\"Home\",\"item\":\"https:\\\/\\\/www.italiaonline.it\\\/corporate\\\/\"},{\"@type\":\"ListItem\",\"position\":2,\"name\":\"VENT&#8217;ANNI DI LIBERO, IL PORTALE LANCIA LA NUOVA HOME PAGE\"}]},{\"@type\":\"WebSite\",\"@id\":\"https:\\\/\\\/www.italiaonline.it\\\/corporate\\\/#website\",\"url\":\"https:\\\/\\\/www.italiaonline.it\\\/corporate\\\/\",\"name\":\"Corporate\",\"description\":\"Ecco un altro sito Network Corporate siti\",\"potentialAction\":[{\"@type\":\"SearchAction\",\"target\":{\"@type\":\"EntryPoint\",\"urlTemplate\":\"https:\\\/\\\/www.italiaonline.it\\\/corporate\\\/?s={search_term_string}\"},\"query-input\":{\"@type\":\"PropertyValueSpecification\",\"valueRequired\":true,\"valueName\":\"search_term_string\"}}],\"inLanguage\":\"it-IT\"},{\"@type\":\"Person\",\"@id\":\"https:\\\/\\\/www.italiaonline.it\\\/corporate\\\/#\\\/schema\\\/person\\\/20c7086fc9c4058dcc4b6eb708720bac\",\"name\":\"iolmanage\",\"image\":{\"@type\":\"ImageObject\",\"inLanguage\":\"it-IT\",\"@id\":\"https:\\\/\\\/secure.gravatar.com\\\/avatar\\\/82bc6bcf09c99f1052d005e43bc66955b934b007dc46499ef188608d64041cac?s=96&d=mm&r=g\",\"url\":\"https:\\\/\\\/secure.gravatar.com\\\/avatar\\\/82bc6bcf09c99f1052d005e43bc66955b934b007dc46499ef188608d64041cac?s=96&d=mm&r=g\",\"contentUrl\":\"https:\\\/\\\/secure.gravatar.com\\\/avatar\\\/82bc6bcf09c99f1052d005e43bc66955b934b007dc46499ef188608d64041cac?s=96&d=mm&r=g\",\"caption\":\"iolmanage\"},\"url\":\"https:\\\/\\\/www.italiaonline.it\\\/corporate\\\/author\\\/iolmanage\\\/\"}]}<\/script>\n<!-- \/ Yoast SEO plugin. -->","yoast_head_json":{"title":"VENT'ANNI DI LIBERO, IL PORTALE LANCIA LA NUOVA HOME PAGE - Corporate","robots":{"index":"index","follow":"follow","max-snippet":"max-snippet:-1","max-image-preview":"max-image-preview:large","max-video-preview":"max-video-preview:-1"},"canonical":"https:\/\/www.italiaonline.it\/corporate\/2015\/11\/24\/ventanni-di-libero-il-portale-lancia-la-nuova-home-page\/","og_locale":"it_IT","og_type":"article","og_title":"VENT'ANNI DI LIBERO, IL PORTALE LANCIA LA NUOVA HOME PAGE - Corporate","og_description":"Italiaonline, la prima internet company italiana, prosegue nel rinnovamento delle sue web properties e lancia...","og_url":"https:\/\/www.italiaonline.it\/corporate\/2015\/11\/24\/ventanni-di-libero-il-portale-lancia-la-nuova-home-page\/","og_site_name":"Corporate","article_published_time":"2015-11-24T16:54:05+00:00","article_modified_time":"2022-10-06T08:32:48+00:00","og_image":[{"width":550,"height":392,"url":"https:\/\/www.italiaonline.it\/corporate\/wp-content\/uploads\/sites\/10\/2015\/11\/liberohp-new-4.png","type":"image\/png"}],"author":"iolmanage","twitter_card":"summary_large_image","twitter_misc":{"Scritto da":"iolmanage","Tempo di lettura stimato":"3 minuti"},"schema":{"@context":"https:\/\/schema.org","@graph":[{"@type":"Article","@id":"https:\/\/www.italiaonline.it\/corporate\/2015\/11\/24\/ventanni-di-libero-il-portale-lancia-la-nuova-home-page\/#article","isPartOf":{"@id":"https:\/\/www.italiaonline.it\/corporate\/2015\/11\/24\/ventanni-di-libero-il-portale-lancia-la-nuova-home-page\/"},"author":{"name":"iolmanage","@id":"https:\/\/www.italiaonline.it\/corporate\/#\/schema\/person\/20c7086fc9c4058dcc4b6eb708720bac"},"headline":"VENT&#8217;ANNI DI LIBERO, IL PORTALE LANCIA LA NUOVA HOME PAGE","datePublished":"2015-11-24T16:54:05+00:00","dateModified":"2022-10-06T08:32:48+00:00","mainEntityOfPage":{"@id":"https:\/\/www.italiaonline.it\/corporate\/2015\/11\/24\/ventanni-di-libero-il-portale-lancia-la-nuova-home-page\/"},"wordCount":560,"image":{"@id":"https:\/\/www.italiaonline.it\/corporate\/2015\/11\/24\/ventanni-di-libero-il-portale-lancia-la-nuova-home-page\/#primaryimage"},"thumbnailUrl":"https:\/\/www.italiaonline.it\/corporate\/wp-content\/uploads\/sites\/10\/2015\/11\/liberohp-new-4.png","keywords":["italiaonline","italiaonline @it","libero","libero @it"],"articleSection":["Notizie"],"inLanguage":"it-IT"},{"@type":"WebPage","@id":"https:\/\/www.italiaonline.it\/corporate\/2015\/11\/24\/ventanni-di-libero-il-portale-lancia-la-nuova-home-page\/","url":"https:\/\/www.italiaonline.it\/corporate\/2015\/11\/24\/ventanni-di-libero-il-portale-lancia-la-nuova-home-page\/","name":"VENT'ANNI DI LIBERO, IL PORTALE LANCIA LA NUOVA HOME PAGE - Corporate","isPartOf":{"@id":"https:\/\/www.italiaonline.it\/corporate\/#website"},"primaryImageOfPage":{"@id":"https:\/\/www.italiaonline.it\/corporate\/2015\/11\/24\/ventanni-di-libero-il-portale-lancia-la-nuova-home-page\/#primaryimage"},"image":{"@id":"https:\/\/www.italiaonline.it\/corporate\/2015\/11\/24\/ventanni-di-libero-il-portale-lancia-la-nuova-home-page\/#primaryimage"},"thumbnailUrl":"https:\/\/www.italiaonline.it\/corporate\/wp-content\/uploads\/sites\/10\/2015\/11\/liberohp-new-4.png","datePublished":"2015-11-24T16:54:05+00:00","dateModified":"2022-10-06T08:32:48+00:00","author":{"@id":"https:\/\/www.italiaonline.it\/corporate\/#\/schema\/person\/20c7086fc9c4058dcc4b6eb708720bac"},"breadcrumb":{"@id":"https:\/\/www.italiaonline.it\/corporate\/2015\/11\/24\/ventanni-di-libero-il-portale-lancia-la-nuova-home-page\/#breadcrumb"},"inLanguage":"it-IT","potentialAction":[{"@type":"ReadAction","target":["https:\/\/www.italiaonline.it\/corporate\/2015\/11\/24\/ventanni-di-libero-il-portale-lancia-la-nuova-home-page\/"]}]},{"@type":"ImageObject","inLanguage":"it-IT","@id":"https:\/\/www.italiaonline.it\/corporate\/2015\/11\/24\/ventanni-di-libero-il-portale-lancia-la-nuova-home-page\/#primaryimage","url":"https:\/\/www.italiaonline.it\/corporate\/wp-content\/uploads\/sites\/10\/2015\/11\/liberohp-new-4.png","contentUrl":"https:\/\/www.italiaonline.it\/corporate\/wp-content\/uploads\/sites\/10\/2015\/11\/liberohp-new-4.png","width":550,"height":392},{"@type":"BreadcrumbList","@id":"https:\/\/www.italiaonline.it\/corporate\/2015\/11\/24\/ventanni-di-libero-il-portale-lancia-la-nuova-home-page\/#breadcrumb","itemListElement":[{"@type":"ListItem","position":1,"name":"Home","item":"https:\/\/www.italiaonline.it\/corporate\/"},{"@type":"ListItem","position":2,"name":"VENT&#8217;ANNI DI LIBERO, IL PORTALE LANCIA LA NUOVA HOME PAGE"}]},{"@type":"WebSite","@id":"https:\/\/www.italiaonline.it\/corporate\/#website","url":"https:\/\/www.italiaonline.it\/corporate\/","name":"Corporate","description":"Ecco un altro sito Network Corporate siti","potentialAction":[{"@type":"SearchAction","target":{"@type":"EntryPoint","urlTemplate":"https:\/\/www.italiaonline.it\/corporate\/?s={search_term_string}"},"query-input":{"@type":"PropertyValueSpecification","valueRequired":true,"valueName":"search_term_string"}}],"inLanguage":"it-IT"},{"@type":"Person","@id":"https:\/\/www.italiaonline.it\/corporate\/#\/schema\/person\/20c7086fc9c4058dcc4b6eb708720bac","name":"iolmanage","image":{"@type":"ImageObject","inLanguage":"it-IT","@id":"https:\/\/secure.gravatar.com\/avatar\/82bc6bcf09c99f1052d005e43bc66955b934b007dc46499ef188608d64041cac?s=96&d=mm&r=g","url":"https:\/\/secure.gravatar.com\/avatar\/82bc6bcf09c99f1052d005e43bc66955b934b007dc46499ef188608d64041cac?s=96&d=mm&r=g","contentUrl":"https:\/\/secure.gravatar.com\/avatar\/82bc6bcf09c99f1052d005e43bc66955b934b007dc46499ef188608d64041cac?s=96&d=mm&r=g","caption":"iolmanage"},"url":"https:\/\/www.italiaonline.it\/corporate\/author\/iolmanage\/"}]}},"_links":{"self":[{"href":"https:\/\/www.italiaonline.it\/corporate\/wp-json\/wp\/v2\/posts\/10178","targetHints":{"allow":["GET"]}}],"collection":[{"href":"https:\/\/www.italiaonline.it\/corporate\/wp-json\/wp\/v2\/posts"}],"about":[{"href":"https:\/\/www.italiaonline.it\/corporate\/wp-json\/wp\/v2\/types\/post"}],"author":[{"embeddable":true,"href":"https:\/\/www.italiaonline.it\/corporate\/wp-json\/wp\/v2\/users\/2"}],"replies":[{"embeddable":true,"href":"https:\/\/www.italiaonline.it\/corporate\/wp-json\/wp\/v2\/comments?post=10178"}],"version-history":[{"count":1,"href":"https:\/\/www.italiaonline.it\/corporate\/wp-json\/wp\/v2\/posts\/10178\/revisions"}],"predecessor-version":[{"id":48161,"href":"https:\/\/www.italiaonline.it\/corporate\/wp-json\/wp\/v2\/posts\/10178\/revisions\/48161"}],"wp:featuredmedia":[{"embeddable":true,"href":"https:\/\/www.italiaonline.it\/corporate\/wp-json\/wp\/v2\/media\/10179"}],"wp:attachment":[{"href":"https:\/\/www.italiaonline.it\/corporate\/wp-json\/wp\/v2\/media?parent=10178"}],"wp:term":[{"taxonomy":"category","embeddable":true,"href":"https:\/\/www.italiaonline.it\/corporate\/wp-json\/wp\/v2\/categories?post=10178"},{"taxonomy":"post_tag","embeddable":true,"href":"https:\/\/www.italiaonline.it\/corporate\/wp-json\/wp\/v2\/tags?post=10178"}],"curies":[{"name":"wp","href":"https:\/\/api.w.org\/{rel}","templated":true}]}}