{"id":12853,"date":"2016-05-24T15:30:48","date_gmt":"2016-05-24T13:30:48","guid":{"rendered":"http:\/\/www.italiaonline.it\/?p=12853"},"modified":"2016-05-24T15:30:48","modified_gmt":"2016-05-24T13:30:48","slug":"kids-in-office-with-mum-and-dad-ready-for-the-party","status":"publish","type":"post","link":"https:\/\/www.italiaonline.it\/corporate\/en\/2016\/05\/24\/kids-in-office-with-mum-and-dad-ready-for-the-party\/","title":{"rendered":"\u201cKIDS IN OFFICE WITH MUM AND DAD\u2019\u201d: READY FOR THE PARTY"},"content":{"rendered":"<p>Giving children the chance to visit their parents\u2019 workplace, so to share all together a special day: this is the goal of Italiaonline that confirms its special attention to employees and their families and this year, the first time with SEAT Pagine Gialle. On May 27th, both companies (which are going to be merged) will open its offices to employees\u2019 kids, giving an afternoon of entertainment and joy to more than 420 little guests in 11 offices (Assago, Turin, Bologna, Brescia, Milan, Naples, Palermo, Pisa, Rome \u2013 two offices \u2013 and Treviso).<\/p>\n<p>Anche quest\u2019anno, nel solco di una tradizione che dura ormai da tempo, Italiaonline aderisce all\u2019iniziativa \u201cBimbi in ufficio con Mamma e Pap\u00e0\u201d promossa dal Corriere della Sera (in collaborazione con La Stampa) insieme per la prima volta a SEAT Pagine Gialle. Le due societ\u00e0, in corso di fusione, apriranno i propri uffici ai figli dei dipendenti il 27 maggio, offrendo un pomeriggio di intrattenimento e allegria agli oltre 420 piccoli ospiti, suddivisi su 11 sedi (Assago, Torino, Bologna, Brescia, Milano, Napoli, Palermo, Pisa, Roma \u2013 due sedi \u2013 e Treviso).<\/p>\n<p>\u201cL\u2019iniziativa ci vede da sempre favorevoli e felici di permettere ai figli dei nostri colleghi di scorrazzare in tutta libert\u00e0 tra le scrivanie dei genitori\u201d, ha commentato Andrea Fascetti, Direttore Human Resources di SEAT Pagine Gialle e Italiaonline. \u201cL\u2019adesione dei genitori a questo pomeriggio di festa \u00e8 sempre elevata e quest\u2019anno, grazie all\u2019unione con SEAT Pagine Gialle, render\u00e0 l\u2019evento ancora pi\u00f9 gradito nella direzione di una sempre maggior integrazione tra le due aziende\u201d.<\/p>\n<p>Il tema scelto quest\u2019anno dalle due Aziende \u00e8 \u201cLa magia dei colori\u201d e come sempre sono molte le attivit\u00e0, organizzate con il supporto di Mygi\u00e0, agenzia specializzata in eventi per i pi\u00f9 piccini, che saranno accolti da notissimi personaggi dei cartoons per accompagnarli alle aree messe a loro disposizione, con tantissimi giochi in cui ogni bimbo, seguito dagli animatori, potr\u00e0 scatenarsi.<\/p>\n<p>Tra i corner, uno riservato al trucco e ai tatuaggi, un \u201cphoto booth\u201d per pazzi e coloratissimi ritratti e uno \u201cspazio morbido\u201d dedicato ai pi\u00f9 piccoli, con soffici tappeti e gonfiabili. Naturalmente non pu\u00f2 mancare una golosa merenda n\u00e9 un \u201ccandy corner\u201d che distribuir\u00e0 tante piccole leccornie. I momenti pi\u00f9 divertenti della giornata saranno immortalati da un fotografo che condivider\u00e0 gli scatti con tutti i genitori per conservare il ricordo del pomeriggio trascorso insieme.<\/p>\n","protected":false},"excerpt":{"rendered":"<p>Giving children the chance to visit their parents\u2019 workplace, so to share all together a&#8230;<\/p>\n","protected":false},"author":2,"featured_media":10932,"comment_status":"closed","ping_status":"closed","sticky":false,"template":"","format":"standard","meta":{"inline_featured_image":false,"footnotes":""},"categories":[11],"tags":[],"class_list":["post-12853","post","type-post","status-publish","format-standard","has-post-thumbnail","hentry","category-news-en"],"yoast_head":"<!-- This site is optimized with the Yoast SEO plugin v27.4 - https:\/\/yoast.com\/product\/yoast-seo-wordpress\/ -->\n<title>\u201cKIDS IN OFFICE WITH MUM AND DAD\u2019\u201d: READY FOR THE PARTY - Corporate<\/title>\n<meta name=\"robots\" content=\"index, follow, max-snippet:-1, max-image-preview:large, max-video-preview:-1\" \/>\n<link rel=\"canonical\" href=\"https:\/\/www.italiaonline.it\/corporate\/en\/2016\/05\/24\/kids-in-office-with-mum-and-dad-ready-for-the-party\/\" \/>\n<meta property=\"og:locale\" content=\"en_US\" \/>\n<meta property=\"og:type\" content=\"article\" \/>\n<meta property=\"og:title\" content=\"\u201cKIDS IN OFFICE WITH MUM AND DAD\u2019\u201d: READY FOR THE PARTY - Corporate\" \/>\n<meta property=\"og:description\" content=\"Giving children the chance to visit their parents\u2019 workplace, so to share all together a...\" \/>\n<meta property=\"og:url\" content=\"https:\/\/www.italiaonline.it\/corporate\/en\/2016\/05\/24\/kids-in-office-with-mum-and-dad-ready-for-the-party\/\" \/>\n<meta property=\"og:site_name\" content=\"Corporate\" \/>\n<meta property=\"article:published_time\" content=\"2016-05-24T13:30:48+00:00\" \/>\n<meta property=\"og:image\" content=\"https:\/\/www.italiaonline.it\/corporate\/wp-content\/uploads\/sites\/10\/2016\/05\/bimbiinufficio_logo.png\" \/>\n\t<meta property=\"og:image:width\" content=\"420\" \/>\n\t<meta property=\"og:image:height\" content=\"288\" \/>\n\t<meta property=\"og:image:type\" content=\"image\/png\" \/>\n<meta name=\"author\" content=\"iolmanage\" \/>\n<meta name=\"twitter:card\" content=\"summary_large_image\" \/>\n<meta name=\"twitter:label1\" content=\"Written by\" \/>\n\t<meta name=\"twitter:data1\" content=\"iolmanage\" \/>\n\t<meta name=\"twitter:label2\" content=\"Est. reading time\" \/>\n\t<meta name=\"twitter:data2\" content=\"2 minutes\" \/>\n<script type=\"application\/ld+json\" class=\"yoast-schema-graph\">{\"@context\":\"https:\\\/\\\/schema.org\",\"@graph\":[{\"@type\":\"Article\",\"@id\":\"https:\\\/\\\/www.italiaonline.it\\\/corporate\\\/en\\\/2016\\\/05\\\/24\\\/kids-in-office-with-mum-and-dad-ready-for-the-party\\\/#article\",\"isPartOf\":{\"@id\":\"https:\\\/\\\/www.italiaonline.it\\\/corporate\\\/en\\\/2016\\\/05\\\/24\\\/kids-in-office-with-mum-and-dad-ready-for-the-party\\\/\"},\"author\":{\"name\":\"iolmanage\",\"@id\":\"https:\\\/\\\/www.italiaonline.it\\\/corporate\\\/#\\\/schema\\\/person\\\/20c7086fc9c4058dcc4b6eb708720bac\"},\"headline\":\"\u201cKIDS IN OFFICE WITH MUM AND DAD\u2019\u201d: READY FOR THE PARTY\",\"datePublished\":\"2016-05-24T13:30:48+00:00\",\"mainEntityOfPage\":{\"@id\":\"https:\\\/\\\/www.italiaonline.it\\\/corporate\\\/en\\\/2016\\\/05\\\/24\\\/kids-in-office-with-mum-and-dad-ready-for-the-party\\\/\"},\"wordCount\":398,\"image\":{\"@id\":\"https:\\\/\\\/www.italiaonline.it\\\/corporate\\\/en\\\/2016\\\/05\\\/24\\\/kids-in-office-with-mum-and-dad-ready-for-the-party\\\/#primaryimage\"},\"thumbnailUrl\":\"https:\\\/\\\/www.italiaonline.it\\\/corporate\\\/wp-content\\\/uploads\\\/sites\\\/10\\\/2016\\\/05\\\/bimbiinufficio_logo.png\",\"articleSection\":[\"News\"],\"inLanguage\":\"en-US\"},{\"@type\":\"WebPage\",\"@id\":\"https:\\\/\\\/www.italiaonline.it\\\/corporate\\\/en\\\/2016\\\/05\\\/24\\\/kids-in-office-with-mum-and-dad-ready-for-the-party\\\/\",\"url\":\"https:\\\/\\\/www.italiaonline.it\\\/corporate\\\/en\\\/2016\\\/05\\\/24\\\/kids-in-office-with-mum-and-dad-ready-for-the-party\\\/\",\"name\":\"\u201cKIDS IN OFFICE WITH MUM AND DAD\u2019\u201d: READY FOR THE PARTY - Corporate\",\"isPartOf\":{\"@id\":\"https:\\\/\\\/www.italiaonline.it\\\/corporate\\\/#website\"},\"primaryImageOfPage\":{\"@id\":\"https:\\\/\\\/www.italiaonline.it\\\/corporate\\\/en\\\/2016\\\/05\\\/24\\\/kids-in-office-with-mum-and-dad-ready-for-the-party\\\/#primaryimage\"},\"image\":{\"@id\":\"https:\\\/\\\/www.italiaonline.it\\\/corporate\\\/en\\\/2016\\\/05\\\/24\\\/kids-in-office-with-mum-and-dad-ready-for-the-party\\\/#primaryimage\"},\"thumbnailUrl\":\"https:\\\/\\\/www.italiaonline.it\\\/corporate\\\/wp-content\\\/uploads\\\/sites\\\/10\\\/2016\\\/05\\\/bimbiinufficio_logo.png\",\"datePublished\":\"2016-05-24T13:30:48+00:00\",\"author\":{\"@id\":\"https:\\\/\\\/www.italiaonline.it\\\/corporate\\\/#\\\/schema\\\/person\\\/20c7086fc9c4058dcc4b6eb708720bac\"},\"breadcrumb\":{\"@id\":\"https:\\\/\\\/www.italiaonline.it\\\/corporate\\\/en\\\/2016\\\/05\\\/24\\\/kids-in-office-with-mum-and-dad-ready-for-the-party\\\/#breadcrumb\"},\"inLanguage\":\"en-US\",\"potentialAction\":[{\"@type\":\"ReadAction\",\"target\":[\"https:\\\/\\\/www.italiaonline.it\\\/corporate\\\/en\\\/2016\\\/05\\\/24\\\/kids-in-office-with-mum-and-dad-ready-for-the-party\\\/\"]}]},{\"@type\":\"ImageObject\",\"inLanguage\":\"en-US\",\"@id\":\"https:\\\/\\\/www.italiaonline.it\\\/corporate\\\/en\\\/2016\\\/05\\\/24\\\/kids-in-office-with-mum-and-dad-ready-for-the-party\\\/#primaryimage\",\"url\":\"https:\\\/\\\/www.italiaonline.it\\\/corporate\\\/wp-content\\\/uploads\\\/sites\\\/10\\\/2016\\\/05\\\/bimbiinufficio_logo.png\",\"contentUrl\":\"https:\\\/\\\/www.italiaonline.it\\\/corporate\\\/wp-content\\\/uploads\\\/sites\\\/10\\\/2016\\\/05\\\/bimbiinufficio_logo.png\",\"width\":420,\"height\":288},{\"@type\":\"BreadcrumbList\",\"@id\":\"https:\\\/\\\/www.italiaonline.it\\\/corporate\\\/en\\\/2016\\\/05\\\/24\\\/kids-in-office-with-mum-and-dad-ready-for-the-party\\\/#breadcrumb\",\"itemListElement\":[{\"@type\":\"ListItem\",\"position\":1,\"name\":\"Home\",\"item\":\"https:\\\/\\\/www.italiaonline.it\\\/corporate\\\/en\\\/\"},{\"@type\":\"ListItem\",\"position\":2,\"name\":\"\u201cKIDS IN OFFICE WITH MUM AND DAD\u2019\u201d: READY FOR THE PARTY\"}]},{\"@type\":\"WebSite\",\"@id\":\"https:\\\/\\\/www.italiaonline.it\\\/corporate\\\/#website\",\"url\":\"https:\\\/\\\/www.italiaonline.it\\\/corporate\\\/\",\"name\":\"Corporate\",\"description\":\"Ecco un altro sito Network Corporate siti\",\"potentialAction\":[{\"@type\":\"SearchAction\",\"target\":{\"@type\":\"EntryPoint\",\"urlTemplate\":\"https:\\\/\\\/www.italiaonline.it\\\/corporate\\\/?s={search_term_string}\"},\"query-input\":{\"@type\":\"PropertyValueSpecification\",\"valueRequired\":true,\"valueName\":\"search_term_string\"}}],\"inLanguage\":\"en-US\"},{\"@type\":\"Person\",\"@id\":\"https:\\\/\\\/www.italiaonline.it\\\/corporate\\\/#\\\/schema\\\/person\\\/20c7086fc9c4058dcc4b6eb708720bac\",\"name\":\"iolmanage\",\"image\":{\"@type\":\"ImageObject\",\"inLanguage\":\"en-US\",\"@id\":\"https:\\\/\\\/secure.gravatar.com\\\/avatar\\\/82bc6bcf09c99f1052d005e43bc66955b934b007dc46499ef188608d64041cac?s=96&d=mm&r=g\",\"url\":\"https:\\\/\\\/secure.gravatar.com\\\/avatar\\\/82bc6bcf09c99f1052d005e43bc66955b934b007dc46499ef188608d64041cac?s=96&d=mm&r=g\",\"contentUrl\":\"https:\\\/\\\/secure.gravatar.com\\\/avatar\\\/82bc6bcf09c99f1052d005e43bc66955b934b007dc46499ef188608d64041cac?s=96&d=mm&r=g\",\"caption\":\"iolmanage\"},\"url\":\"https:\\\/\\\/www.italiaonline.it\\\/corporate\\\/en\\\/author\\\/iolmanage\\\/\"}]}<\/script>\n<!-- \/ Yoast SEO plugin. -->","yoast_head_json":{"title":"\u201cKIDS IN OFFICE WITH MUM AND DAD\u2019\u201d: READY FOR THE PARTY - Corporate","robots":{"index":"index","follow":"follow","max-snippet":"max-snippet:-1","max-image-preview":"max-image-preview:large","max-video-preview":"max-video-preview:-1"},"canonical":"https:\/\/www.italiaonline.it\/corporate\/en\/2016\/05\/24\/kids-in-office-with-mum-and-dad-ready-for-the-party\/","og_locale":"en_US","og_type":"article","og_title":"\u201cKIDS IN OFFICE WITH MUM AND DAD\u2019\u201d: READY FOR THE PARTY - Corporate","og_description":"Giving children the chance to visit their parents\u2019 workplace, so to share all together a...","og_url":"https:\/\/www.italiaonline.it\/corporate\/en\/2016\/05\/24\/kids-in-office-with-mum-and-dad-ready-for-the-party\/","og_site_name":"Corporate","article_published_time":"2016-05-24T13:30:48+00:00","og_image":[{"width":420,"height":288,"url":"https:\/\/www.italiaonline.it\/corporate\/wp-content\/uploads\/sites\/10\/2016\/05\/bimbiinufficio_logo.png","type":"image\/png"}],"author":"iolmanage","twitter_card":"summary_large_image","twitter_misc":{"Written by":"iolmanage","Est. reading time":"2 minutes"},"schema":{"@context":"https:\/\/schema.org","@graph":[{"@type":"Article","@id":"https:\/\/www.italiaonline.it\/corporate\/en\/2016\/05\/24\/kids-in-office-with-mum-and-dad-ready-for-the-party\/#article","isPartOf":{"@id":"https:\/\/www.italiaonline.it\/corporate\/en\/2016\/05\/24\/kids-in-office-with-mum-and-dad-ready-for-the-party\/"},"author":{"name":"iolmanage","@id":"https:\/\/www.italiaonline.it\/corporate\/#\/schema\/person\/20c7086fc9c4058dcc4b6eb708720bac"},"headline":"\u201cKIDS IN OFFICE WITH MUM AND DAD\u2019\u201d: READY FOR THE PARTY","datePublished":"2016-05-24T13:30:48+00:00","mainEntityOfPage":{"@id":"https:\/\/www.italiaonline.it\/corporate\/en\/2016\/05\/24\/kids-in-office-with-mum-and-dad-ready-for-the-party\/"},"wordCount":398,"image":{"@id":"https:\/\/www.italiaonline.it\/corporate\/en\/2016\/05\/24\/kids-in-office-with-mum-and-dad-ready-for-the-party\/#primaryimage"},"thumbnailUrl":"https:\/\/www.italiaonline.it\/corporate\/wp-content\/uploads\/sites\/10\/2016\/05\/bimbiinufficio_logo.png","articleSection":["News"],"inLanguage":"en-US"},{"@type":"WebPage","@id":"https:\/\/www.italiaonline.it\/corporate\/en\/2016\/05\/24\/kids-in-office-with-mum-and-dad-ready-for-the-party\/","url":"https:\/\/www.italiaonline.it\/corporate\/en\/2016\/05\/24\/kids-in-office-with-mum-and-dad-ready-for-the-party\/","name":"\u201cKIDS IN OFFICE WITH MUM AND DAD\u2019\u201d: READY FOR THE PARTY - Corporate","isPartOf":{"@id":"https:\/\/www.italiaonline.it\/corporate\/#website"},"primaryImageOfPage":{"@id":"https:\/\/www.italiaonline.it\/corporate\/en\/2016\/05\/24\/kids-in-office-with-mum-and-dad-ready-for-the-party\/#primaryimage"},"image":{"@id":"https:\/\/www.italiaonline.it\/corporate\/en\/2016\/05\/24\/kids-in-office-with-mum-and-dad-ready-for-the-party\/#primaryimage"},"thumbnailUrl":"https:\/\/www.italiaonline.it\/corporate\/wp-content\/uploads\/sites\/10\/2016\/05\/bimbiinufficio_logo.png","datePublished":"2016-05-24T13:30:48+00:00","author":{"@id":"https:\/\/www.italiaonline.it\/corporate\/#\/schema\/person\/20c7086fc9c4058dcc4b6eb708720bac"},"breadcrumb":{"@id":"https:\/\/www.italiaonline.it\/corporate\/en\/2016\/05\/24\/kids-in-office-with-mum-and-dad-ready-for-the-party\/#breadcrumb"},"inLanguage":"en-US","potentialAction":[{"@type":"ReadAction","target":["https:\/\/www.italiaonline.it\/corporate\/en\/2016\/05\/24\/kids-in-office-with-mum-and-dad-ready-for-the-party\/"]}]},{"@type":"ImageObject","inLanguage":"en-US","@id":"https:\/\/www.italiaonline.it\/corporate\/en\/2016\/05\/24\/kids-in-office-with-mum-and-dad-ready-for-the-party\/#primaryimage","url":"https:\/\/www.italiaonline.it\/corporate\/wp-content\/uploads\/sites\/10\/2016\/05\/bimbiinufficio_logo.png","contentUrl":"https:\/\/www.italiaonline.it\/corporate\/wp-content\/uploads\/sites\/10\/2016\/05\/bimbiinufficio_logo.png","width":420,"height":288},{"@type":"BreadcrumbList","@id":"https:\/\/www.italiaonline.it\/corporate\/en\/2016\/05\/24\/kids-in-office-with-mum-and-dad-ready-for-the-party\/#breadcrumb","itemListElement":[{"@type":"ListItem","position":1,"name":"Home","item":"https:\/\/www.italiaonline.it\/corporate\/en\/"},{"@type":"ListItem","position":2,"name":"\u201cKIDS IN OFFICE WITH MUM AND DAD\u2019\u201d: READY FOR THE PARTY"}]},{"@type":"WebSite","@id":"https:\/\/www.italiaonline.it\/corporate\/#website","url":"https:\/\/www.italiaonline.it\/corporate\/","name":"Corporate","description":"Ecco un altro sito Network Corporate siti","potentialAction":[{"@type":"SearchAction","target":{"@type":"EntryPoint","urlTemplate":"https:\/\/www.italiaonline.it\/corporate\/?s={search_term_string}"},"query-input":{"@type":"PropertyValueSpecification","valueRequired":true,"valueName":"search_term_string"}}],"inLanguage":"en-US"},{"@type":"Person","@id":"https:\/\/www.italiaonline.it\/corporate\/#\/schema\/person\/20c7086fc9c4058dcc4b6eb708720bac","name":"iolmanage","image":{"@type":"ImageObject","inLanguage":"en-US","@id":"https:\/\/secure.gravatar.com\/avatar\/82bc6bcf09c99f1052d005e43bc66955b934b007dc46499ef188608d64041cac?s=96&d=mm&r=g","url":"https:\/\/secure.gravatar.com\/avatar\/82bc6bcf09c99f1052d005e43bc66955b934b007dc46499ef188608d64041cac?s=96&d=mm&r=g","contentUrl":"https:\/\/secure.gravatar.com\/avatar\/82bc6bcf09c99f1052d005e43bc66955b934b007dc46499ef188608d64041cac?s=96&d=mm&r=g","caption":"iolmanage"},"url":"https:\/\/www.italiaonline.it\/corporate\/en\/author\/iolmanage\/"}]}},"_links":{"self":[{"href":"https:\/\/www.italiaonline.it\/corporate\/en\/wp-json\/wp\/v2\/posts\/12853","targetHints":{"allow":["GET"]}}],"collection":[{"href":"https:\/\/www.italiaonline.it\/corporate\/en\/wp-json\/wp\/v2\/posts"}],"about":[{"href":"https:\/\/www.italiaonline.it\/corporate\/en\/wp-json\/wp\/v2\/types\/post"}],"author":[{"embeddable":true,"href":"https:\/\/www.italiaonline.it\/corporate\/en\/wp-json\/wp\/v2\/users\/2"}],"replies":[{"embeddable":true,"href":"https:\/\/www.italiaonline.it\/corporate\/en\/wp-json\/wp\/v2\/comments?post=12853"}],"version-history":[{"count":0,"href":"https:\/\/www.italiaonline.it\/corporate\/en\/wp-json\/wp\/v2\/posts\/12853\/revisions"}],"wp:featuredmedia":[{"embeddable":true,"href":"https:\/\/www.italiaonline.it\/corporate\/en\/wp-json\/wp\/v2\/media\/10932"}],"wp:attachment":[{"href":"https:\/\/www.italiaonline.it\/corporate\/en\/wp-json\/wp\/v2\/media?parent=12853"}],"wp:term":[{"taxonomy":"category","embeddable":true,"href":"https:\/\/www.italiaonline.it\/corporate\/en\/wp-json\/wp\/v2\/categories?post=12853"},{"taxonomy":"post_tag","embeddable":true,"href":"https:\/\/www.italiaonline.it\/corporate\/en\/wp-json\/wp\/v2\/tags?post=12853"}],"curies":[{"name":"wp","href":"https:\/\/api.w.org\/{rel}","templated":true}]}}