{"id":33597,"date":"2018-11-15T17:11:32","date_gmt":"2018-11-15T16:11:32","guid":{"rendered":"https:\/\/www.italiaonline.it\/?p=33597\/"},"modified":"2018-11-15T17:11:32","modified_gmt":"2018-11-15T16:11:32","slug":"lo-spot-pgcasa-it-debutta-tv","status":"publish","type":"post","link":"https:\/\/www.italiaonline.it\/archivio\/2018\/11\/15\/lo-spot-pgcasa-it-debutta-tv\/","title":{"rendered":"Lo spot PgCasa.it debutta in tv"},"content":{"rendered":"<img loading=\"lazy\" decoding=\"async\" width=\"630\" height=\"375\" src=\"https:\/\/www.italiaonline.it\/archivio\/wp-content\/uploads\/sites\/3\/2018\/11\/pgcasa_spot_sito.jpg\" class=\"alignleft wp-post-image\" alt=\"\" \/><p>\u201c<strong>Su PgCasa.it devi andare!<\/strong>\u201d \u00c8 questo il fil rouge dello spot TV di PgCasa.it, il digital marketplace di Italiaonline interamente dedicato all\u2019home service, composto da 60mila professionisti situati in ogni provincia, e che dopo un anno \u00e8 gi\u00e0 primo in Italia per SEO* e secondo per audience con 500mila visitatori unici al mese, di cui circa la met\u00e0 da mobile, e 2,3 mln di pagine viste mese**.<\/p>\n<p>Lo spot, ideato dalla creative video agency Antiorario di Milano e diretto dal regista Tomas Goldschmidt, ha come protagonista un uomo alle prese con la sua lavatrice che non riesce a far funzionare. La situazione \u00e8 risolta in modo inaspettato e ironico, con la lavatrice che si trasforma in consigliera e indica all\u2019uomo di andare su PgCasa.it, secondo un\u2019idea sviluppata da Antiorario: in un mondo di Internet of things, \u00e8 la casa che suggerisce la soluzione a tutto, cos\u00ec la lavatrice prende vita con la voce di un elettrodomestico guasto che, di fronte agli inutili tentativi di soccorso del protagonista, si trova costretto a \u201clanciargli\u201d la soluzione con tanto di istruzioni su ci\u00f2 che deve fare per ottenere il miglior servizio al minor prezzo. Ecco quindi che uno smartphone viene espulso dal cestello della lavatrice, invitando il protagonista ad affidarsi a PgCasa.it.<\/p>\n<p>Lato utente, PgCasa.it \u00e8 il pi\u00f9 vasto e capillare database di professionisti del settore. Dai falegnami agli elettricisti, dagli idraulici alle imprese di pulizia, gli utenti possono confrontare preventivi di svariate categorie merceologiche e scegliere il fornitore migliore e pi\u00f9 conveniente.<\/p>\n<p>Lo spot PgCasa.it, in versione 30 e 15 secondi, \u00e8 on air dal 18 novembre fino a gennaio 2019 sul circuito Sky, sia sul canale Sky Calcio (Serie A) che sui numerosi canali tematici Sky. La pianificazione \u00e8 a cura del centro media Mindshare.<\/p>\n<p><a href=\"https:\/\/www.youtube.com\/watch?v=FxpmTxwq0cE\"><strong>Guarda lo spot 30\u2019\u2019<\/strong><\/a><\/p>\n<p><a href=\"https:\/\/www.youtube.com\/watch?v=P06CCc65Jx0\"><strong>Guarda lo spot 15\u2019\u2019<\/strong><\/a><\/p>\n<p>*Indice di visibilit\u00e0 di Sistrix Sept 2018<br \/>\n**Fonte: Audiweb Database, powered by Nielsen, March 2018, avg. last 12 months rolling, TDA<\/p>\n<p>Credits<\/p>\n<p>ANTIORARIO VIDEO<br \/>\nAntiorario Video, agenzia e produzione dello spot, \u00e8 una Creative Video Agency con sede a Milano. Nasce nel 2008 dall\u2019idea di offrire video \u201call in one\u201d: capiamo il brief, produciamo la strategia, sviluppiamo la creativit\u00e0 e infine produciamo i nostri contenuti fino a post produrli. Tutto internamente.<\/p>\n<p>TEAM<\/p>\n<p>CREATIVE DEPT.<br \/>\nACCOUNT DIRECTOR: Silvia Ursinetti<br \/>\nCOPY: Antonio Frova<\/p>\n<p>CREW<br \/>\nDIRECTOR: Tomas Goldschmidt<br \/>\nDIRECTOR OF PHOTOGRAPHY: David Drills<br \/>\nEXECUTIVE PRODUCER: Claudia Marini<br \/>\nACTOR: Matteo Caremoli<br \/>\nSCENOGRAFO: Paolo La Saponara<br \/>\nASSISTENTE OPERATORE: Milos Rimini<br \/>\nFONICO: Giampiero Musio<br \/>\nSTYLIST: Valentina Poggi<br \/>\nELETTRICISTA: Marco Pirondini<br \/>\nRUNNER: Andrea Campanelli<\/p>\n<p>POST PRODUCTION<br \/>\nVFX &amp; 3DCG: Simon Adler<br \/>\nVIDEO EDITING &amp; COLORIST: Didier Tommasi<br \/>\nAUDIO POST PRODUCTION: Cesare Politi per Blah Blah Production srl<\/p>\n","protected":false},"excerpt":{"rendered":"<p>\u201cSu PgCasa.it devi andare!\u201d \u00c8 questo il fil rouge dello spot TV di PgCasa.it, il digital marketplace di Italiaonline interamente dedicato all\u2019home service, composto da 60mila professionisti situati in ogni provincia, e che dopo un anno \u00e8 gi\u00e0 primo in Italia per SEO* e secondo per audience con 500mila visitatori unici al mese, di cui [&hellip;]<\/p>\n","protected":false},"author":3,"featured_media":33598,"comment_status":"closed","ping_status":"closed","sticky":false,"template":"","format":"standard","meta":{"_acf_changed":false,"_et_pb_use_builder":"","_et_pb_old_content":"","_et_gb_content_width":"","inline_featured_image":false,"footnotes":""},"categories":[2],"tags":[185,252,173,183,187],"class_list":["post-33597","post","type-post","status-publish","format-standard","has-post-thumbnail","hentry","category-press-area","tag-antiorario","tag-italiaonline","tag-pgcasa","tag-pgcasa-it","tag-tomas-goldschmidt"],"yoast_head":"<!-- This site is optimized with the Yoast SEO plugin v27.4 - https:\/\/yoast.com\/product\/yoast-seo-wordpress\/ -->\n<title>Lo spot PgCasa.it debutta in tv - Archivio<\/title>\n<meta name=\"robots\" content=\"noindex, follow, max-snippet:-1, max-image-preview:large, max-video-preview:-1\" \/>\n<meta property=\"og:locale\" content=\"it_IT\" \/>\n<meta property=\"og:type\" content=\"article\" \/>\n<meta property=\"og:title\" content=\"Lo spot PgCasa.it debutta in tv - Archivio\" \/>\n<meta property=\"og:description\" content=\"\u201cSu PgCasa.it devi andare!\u201d \u00c8 questo il fil rouge dello spot TV di PgCasa.it, il digital marketplace di Italiaonline interamente dedicato all\u2019home service, composto da 60mila professionisti situati in ogni provincia, e che dopo un anno \u00e8 gi\u00e0 primo in Italia per SEO* e secondo per audience con 500mila visitatori unici al mese, di cui [&hellip;]\" \/>\n<meta property=\"og:url\" content=\"https:\/\/www.italiaonline.it\/archivio\/2018\/11\/15\/lo-spot-pgcasa-it-debutta-tv\/\" \/>\n<meta property=\"og:site_name\" content=\"Archivio\" \/>\n<meta property=\"article:published_time\" content=\"2018-11-15T16:11:32+00:00\" \/>\n<meta property=\"og:image\" content=\"https:\/\/www.italiaonline.it\/archivio\/wp-content\/uploads\/sites\/3\/2018\/11\/pgcasa_spot_sito.jpg\" \/>\n\t<meta property=\"og:image:width\" content=\"630\" \/>\n\t<meta property=\"og:image:height\" content=\"375\" \/>\n\t<meta property=\"og:image:type\" content=\"image\/jpeg\" \/>\n<meta name=\"author\" content=\"Davide Valenti\" \/>\n<meta name=\"twitter:card\" content=\"summary_large_image\" \/>\n<meta name=\"twitter:label1\" content=\"Scritto da\" \/>\n\t<meta name=\"twitter:data1\" content=\"Davide Valenti\" \/>\n\t<meta name=\"twitter:label2\" content=\"Tempo di lettura stimato\" \/>\n\t<meta name=\"twitter:data2\" content=\"2 minuti\" \/>\n<script type=\"application\/ld+json\" class=\"yoast-schema-graph\">{\"@context\":\"https:\\\/\\\/schema.org\",\"@graph\":[{\"@type\":\"Article\",\"@id\":\"https:\\\/\\\/www.italiaonline.it\\\/archivio\\\/2018\\\/11\\\/15\\\/lo-spot-pgcasa-it-debutta-tv\\\/#article\",\"isPartOf\":{\"@id\":\"https:\\\/\\\/www.italiaonline.it\\\/archivio\\\/2018\\\/11\\\/15\\\/lo-spot-pgcasa-it-debutta-tv\\\/\"},\"author\":{\"name\":\"Davide Valenti\",\"@id\":\"https:\\\/\\\/www.italiaonline.it\\\/archivio\\\/#\\\/schema\\\/person\\\/cac3c0c70fbcd9b152b6eeaad1f6f8fa\"},\"headline\":\"Lo spot PgCasa.it debutta in tv\",\"datePublished\":\"2018-11-15T16:11:32+00:00\",\"mainEntityOfPage\":{\"@id\":\"https:\\\/\\\/www.italiaonline.it\\\/archivio\\\/2018\\\/11\\\/15\\\/lo-spot-pgcasa-it-debutta-tv\\\/\"},\"wordCount\":440,\"image\":{\"@id\":\"https:\\\/\\\/www.italiaonline.it\\\/archivio\\\/2018\\\/11\\\/15\\\/lo-spot-pgcasa-it-debutta-tv\\\/#primaryimage\"},\"thumbnailUrl\":\"https:\\\/\\\/www.italiaonline.it\\\/archivio\\\/wp-content\\\/uploads\\\/sites\\\/3\\\/2018\\\/11\\\/pgcasa_spot_sito.jpg\",\"keywords\":[\"antiorario\",\"italiaonline\",\"pgcasa\",\"pgcasa.it\",\"tomas goldschmidt\"],\"articleSection\":[\"Notizie\"],\"inLanguage\":\"it-IT\"},{\"@type\":\"WebPage\",\"@id\":\"https:\\\/\\\/www.italiaonline.it\\\/archivio\\\/2018\\\/11\\\/15\\\/lo-spot-pgcasa-it-debutta-tv\\\/\",\"url\":\"https:\\\/\\\/www.italiaonline.it\\\/archivio\\\/2018\\\/11\\\/15\\\/lo-spot-pgcasa-it-debutta-tv\\\/\",\"name\":\"Lo spot PgCasa.it debutta in tv - Archivio\",\"isPartOf\":{\"@id\":\"https:\\\/\\\/www.italiaonline.it\\\/archivio\\\/#website\"},\"primaryImageOfPage\":{\"@id\":\"https:\\\/\\\/www.italiaonline.it\\\/archivio\\\/2018\\\/11\\\/15\\\/lo-spot-pgcasa-it-debutta-tv\\\/#primaryimage\"},\"image\":{\"@id\":\"https:\\\/\\\/www.italiaonline.it\\\/archivio\\\/2018\\\/11\\\/15\\\/lo-spot-pgcasa-it-debutta-tv\\\/#primaryimage\"},\"thumbnailUrl\":\"https:\\\/\\\/www.italiaonline.it\\\/archivio\\\/wp-content\\\/uploads\\\/sites\\\/3\\\/2018\\\/11\\\/pgcasa_spot_sito.jpg\",\"datePublished\":\"2018-11-15T16:11:32+00:00\",\"author\":{\"@id\":\"https:\\\/\\\/www.italiaonline.it\\\/archivio\\\/#\\\/schema\\\/person\\\/cac3c0c70fbcd9b152b6eeaad1f6f8fa\"},\"breadcrumb\":{\"@id\":\"https:\\\/\\\/www.italiaonline.it\\\/archivio\\\/2018\\\/11\\\/15\\\/lo-spot-pgcasa-it-debutta-tv\\\/#breadcrumb\"},\"inLanguage\":\"it-IT\",\"potentialAction\":[{\"@type\":\"ReadAction\",\"target\":[\"https:\\\/\\\/www.italiaonline.it\\\/archivio\\\/2018\\\/11\\\/15\\\/lo-spot-pgcasa-it-debutta-tv\\\/\"]}]},{\"@type\":\"ImageObject\",\"inLanguage\":\"it-IT\",\"@id\":\"https:\\\/\\\/www.italiaonline.it\\\/archivio\\\/2018\\\/11\\\/15\\\/lo-spot-pgcasa-it-debutta-tv\\\/#primaryimage\",\"url\":\"https:\\\/\\\/www.italiaonline.it\\\/archivio\\\/wp-content\\\/uploads\\\/sites\\\/3\\\/2018\\\/11\\\/pgcasa_spot_sito.jpg\",\"contentUrl\":\"https:\\\/\\\/www.italiaonline.it\\\/archivio\\\/wp-content\\\/uploads\\\/sites\\\/3\\\/2018\\\/11\\\/pgcasa_spot_sito.jpg\",\"width\":630,\"height\":375},{\"@type\":\"BreadcrumbList\",\"@id\":\"https:\\\/\\\/www.italiaonline.it\\\/archivio\\\/2018\\\/11\\\/15\\\/lo-spot-pgcasa-it-debutta-tv\\\/#breadcrumb\",\"itemListElement\":[{\"@type\":\"ListItem\",\"position\":1,\"name\":\"Home\",\"item\":\"https:\\\/\\\/www.italiaonline.it\\\/archivio\\\/\"},{\"@type\":\"ListItem\",\"position\":2,\"name\":\"Lo spot PgCasa.it debutta in tv\"}]},{\"@type\":\"WebSite\",\"@id\":\"https:\\\/\\\/www.italiaonline.it\\\/archivio\\\/#website\",\"url\":\"https:\\\/\\\/www.italiaonline.it\\\/archivio\\\/\",\"name\":\"Archivio\",\"description\":\"Ecco un altro sito Network Corporate siti\",\"potentialAction\":[{\"@type\":\"SearchAction\",\"target\":{\"@type\":\"EntryPoint\",\"urlTemplate\":\"https:\\\/\\\/www.italiaonline.it\\\/archivio\\\/?s={search_term_string}\"},\"query-input\":{\"@type\":\"PropertyValueSpecification\",\"valueRequired\":true,\"valueName\":\"search_term_string\"}}],\"inLanguage\":\"it-IT\"},{\"@type\":\"Person\",\"@id\":\"https:\\\/\\\/www.italiaonline.it\\\/archivio\\\/#\\\/schema\\\/person\\\/cac3c0c70fbcd9b152b6eeaad1f6f8fa\",\"name\":\"Davide Valenti\",\"image\":{\"@type\":\"ImageObject\",\"inLanguage\":\"it-IT\",\"@id\":\"https:\\\/\\\/secure.gravatar.com\\\/avatar\\\/cd8ad167a384429015e0118b45cd74b8fce9a411dc50b568071af3d667013144?s=96&d=mm&r=g\",\"url\":\"https:\\\/\\\/secure.gravatar.com\\\/avatar\\\/cd8ad167a384429015e0118b45cd74b8fce9a411dc50b568071af3d667013144?s=96&d=mm&r=g\",\"contentUrl\":\"https:\\\/\\\/secure.gravatar.com\\\/avatar\\\/cd8ad167a384429015e0118b45cd74b8fce9a411dc50b568071af3d667013144?s=96&d=mm&r=g\",\"caption\":\"Davide Valenti\"}}]}<\/script>\n<!-- \/ Yoast SEO plugin. -->","yoast_head_json":{"title":"Lo spot PgCasa.it debutta in tv - Archivio","robots":{"index":"noindex","follow":"follow","max-snippet":"max-snippet:-1","max-image-preview":"max-image-preview:large","max-video-preview":"max-video-preview:-1"},"og_locale":"it_IT","og_type":"article","og_title":"Lo spot PgCasa.it debutta in tv - Archivio","og_description":"\u201cSu PgCasa.it devi andare!\u201d \u00c8 questo il fil rouge dello spot TV di PgCasa.it, il digital marketplace di Italiaonline interamente dedicato all\u2019home service, composto da 60mila professionisti situati in ogni provincia, e che dopo un anno \u00e8 gi\u00e0 primo in Italia per SEO* e secondo per audience con 500mila visitatori unici al mese, di cui [&hellip;]","og_url":"https:\/\/www.italiaonline.it\/archivio\/2018\/11\/15\/lo-spot-pgcasa-it-debutta-tv\/","og_site_name":"Archivio","article_published_time":"2018-11-15T16:11:32+00:00","og_image":[{"width":630,"height":375,"url":"https:\/\/www.italiaonline.it\/archivio\/wp-content\/uploads\/sites\/3\/2018\/11\/pgcasa_spot_sito.jpg","type":"image\/jpeg"}],"author":"Davide Valenti","twitter_card":"summary_large_image","twitter_misc":{"Scritto da":"Davide Valenti","Tempo di lettura stimato":"2 minuti"},"schema":{"@context":"https:\/\/schema.org","@graph":[{"@type":"Article","@id":"https:\/\/www.italiaonline.it\/archivio\/2018\/11\/15\/lo-spot-pgcasa-it-debutta-tv\/#article","isPartOf":{"@id":"https:\/\/www.italiaonline.it\/archivio\/2018\/11\/15\/lo-spot-pgcasa-it-debutta-tv\/"},"author":{"name":"Davide Valenti","@id":"https:\/\/www.italiaonline.it\/archivio\/#\/schema\/person\/cac3c0c70fbcd9b152b6eeaad1f6f8fa"},"headline":"Lo spot PgCasa.it debutta in tv","datePublished":"2018-11-15T16:11:32+00:00","mainEntityOfPage":{"@id":"https:\/\/www.italiaonline.it\/archivio\/2018\/11\/15\/lo-spot-pgcasa-it-debutta-tv\/"},"wordCount":440,"image":{"@id":"https:\/\/www.italiaonline.it\/archivio\/2018\/11\/15\/lo-spot-pgcasa-it-debutta-tv\/#primaryimage"},"thumbnailUrl":"https:\/\/www.italiaonline.it\/archivio\/wp-content\/uploads\/sites\/3\/2018\/11\/pgcasa_spot_sito.jpg","keywords":["antiorario","italiaonline","pgcasa","pgcasa.it","tomas goldschmidt"],"articleSection":["Notizie"],"inLanguage":"it-IT"},{"@type":"WebPage","@id":"https:\/\/www.italiaonline.it\/archivio\/2018\/11\/15\/lo-spot-pgcasa-it-debutta-tv\/","url":"https:\/\/www.italiaonline.it\/archivio\/2018\/11\/15\/lo-spot-pgcasa-it-debutta-tv\/","name":"Lo spot PgCasa.it debutta in tv - Archivio","isPartOf":{"@id":"https:\/\/www.italiaonline.it\/archivio\/#website"},"primaryImageOfPage":{"@id":"https:\/\/www.italiaonline.it\/archivio\/2018\/11\/15\/lo-spot-pgcasa-it-debutta-tv\/#primaryimage"},"image":{"@id":"https:\/\/www.italiaonline.it\/archivio\/2018\/11\/15\/lo-spot-pgcasa-it-debutta-tv\/#primaryimage"},"thumbnailUrl":"https:\/\/www.italiaonline.it\/archivio\/wp-content\/uploads\/sites\/3\/2018\/11\/pgcasa_spot_sito.jpg","datePublished":"2018-11-15T16:11:32+00:00","author":{"@id":"https:\/\/www.italiaonline.it\/archivio\/#\/schema\/person\/cac3c0c70fbcd9b152b6eeaad1f6f8fa"},"breadcrumb":{"@id":"https:\/\/www.italiaonline.it\/archivio\/2018\/11\/15\/lo-spot-pgcasa-it-debutta-tv\/#breadcrumb"},"inLanguage":"it-IT","potentialAction":[{"@type":"ReadAction","target":["https:\/\/www.italiaonline.it\/archivio\/2018\/11\/15\/lo-spot-pgcasa-it-debutta-tv\/"]}]},{"@type":"ImageObject","inLanguage":"it-IT","@id":"https:\/\/www.italiaonline.it\/archivio\/2018\/11\/15\/lo-spot-pgcasa-it-debutta-tv\/#primaryimage","url":"https:\/\/www.italiaonline.it\/archivio\/wp-content\/uploads\/sites\/3\/2018\/11\/pgcasa_spot_sito.jpg","contentUrl":"https:\/\/www.italiaonline.it\/archivio\/wp-content\/uploads\/sites\/3\/2018\/11\/pgcasa_spot_sito.jpg","width":630,"height":375},{"@type":"BreadcrumbList","@id":"https:\/\/www.italiaonline.it\/archivio\/2018\/11\/15\/lo-spot-pgcasa-it-debutta-tv\/#breadcrumb","itemListElement":[{"@type":"ListItem","position":1,"name":"Home","item":"https:\/\/www.italiaonline.it\/archivio\/"},{"@type":"ListItem","position":2,"name":"Lo spot PgCasa.it debutta in tv"}]},{"@type":"WebSite","@id":"https:\/\/www.italiaonline.it\/archivio\/#website","url":"https:\/\/www.italiaonline.it\/archivio\/","name":"Archivio","description":"Ecco un altro sito Network Corporate siti","potentialAction":[{"@type":"SearchAction","target":{"@type":"EntryPoint","urlTemplate":"https:\/\/www.italiaonline.it\/archivio\/?s={search_term_string}"},"query-input":{"@type":"PropertyValueSpecification","valueRequired":true,"valueName":"search_term_string"}}],"inLanguage":"it-IT"},{"@type":"Person","@id":"https:\/\/www.italiaonline.it\/archivio\/#\/schema\/person\/cac3c0c70fbcd9b152b6eeaad1f6f8fa","name":"Davide Valenti","image":{"@type":"ImageObject","inLanguage":"it-IT","@id":"https:\/\/secure.gravatar.com\/avatar\/cd8ad167a384429015e0118b45cd74b8fce9a411dc50b568071af3d667013144?s=96&d=mm&r=g","url":"https:\/\/secure.gravatar.com\/avatar\/cd8ad167a384429015e0118b45cd74b8fce9a411dc50b568071af3d667013144?s=96&d=mm&r=g","contentUrl":"https:\/\/secure.gravatar.com\/avatar\/cd8ad167a384429015e0118b45cd74b8fce9a411dc50b568071af3d667013144?s=96&d=mm&r=g","caption":"Davide Valenti"}}]}},"acf":[],"_links":{"self":[{"href":"https:\/\/www.italiaonline.it\/archivio\/wp-json\/wp\/v2\/posts\/33597","targetHints":{"allow":["GET"]}}],"collection":[{"href":"https:\/\/www.italiaonline.it\/archivio\/wp-json\/wp\/v2\/posts"}],"about":[{"href":"https:\/\/www.italiaonline.it\/archivio\/wp-json\/wp\/v2\/types\/post"}],"author":[{"embeddable":true,"href":"https:\/\/www.italiaonline.it\/archivio\/wp-json\/wp\/v2\/users\/3"}],"replies":[{"embeddable":true,"href":"https:\/\/www.italiaonline.it\/archivio\/wp-json\/wp\/v2\/comments?post=33597"}],"version-history":[{"count":0,"href":"https:\/\/www.italiaonline.it\/archivio\/wp-json\/wp\/v2\/posts\/33597\/revisions"}],"wp:featuredmedia":[{"embeddable":true,"href":"https:\/\/www.italiaonline.it\/archivio\/wp-json\/wp\/v2\/media\/33598"}],"wp:attachment":[{"href":"https:\/\/www.italiaonline.it\/archivio\/wp-json\/wp\/v2\/media?parent=33597"}],"wp:term":[{"taxonomy":"category","embeddable":true,"href":"https:\/\/www.italiaonline.it\/archivio\/wp-json\/wp\/v2\/categories?post=33597"},{"taxonomy":"post_tag","embeddable":true,"href":"https:\/\/www.italiaonline.it\/archivio\/wp-json\/wp\/v2\/tags?post=33597"}],"curies":[{"name":"wp","href":"https:\/\/api.w.org\/{rel}","templated":true}]}}